{"id":95177,"date":"2019-07-05T00:06:31","date_gmt":"2019-07-04T22:06:31","guid":{"rendered":"http:\/\/www.region-schwabach.de\/wordpress\/?p=95177"},"modified":"2019-07-05T01:31:49","modified_gmt":"2019-07-04T23:31:49","slug":"open-air-konzert-der-musikschule-mit-flower-power-am-5-juli-2019","status":"publish","type":"post","link":"https:\/\/www.region-schwabach.de\/wordpress\/open-air-konzert-der-musikschule-mit-flower-power-am-5-juli-2019\/","title":{"rendered":"Open-Air-Konzert der Musikschule mit Flower Power am 5. Juli 2019"},"content":{"rendered":"\t\t<div data-elementor-type=\"wp-post\" data-elementor-id=\"95177\" class=\"elementor elementor-95177\">\n\t\t\t\t\t\t<section class=\"elementor-section elementor-top-section elementor-element elementor-element-678181b elementor-section-boxed elementor-section-height-default elementor-section-height-default\" data-id=\"678181b\" data-element_type=\"section\">\n\t\t\t\t\t\t<div class=\"elementor-container elementor-column-gap-default\">\n\t\t\t\t\t<div class=\"elementor-column elementor-col-50 elementor-top-column elementor-element elementor-element-6b34026\" data-id=\"6b34026\" data-element_type=\"column\">\n\t\t\t<div class=\"elementor-widget-wrap elementor-element-populated\">\n\t\t\t\t\t\t<div class=\"elementor-element elementor-element-5d1b797 elementor-widget elementor-widget-wp-widget-advads_ad_widget\" data-id=\"5d1b797\" data-element_type=\"widget\" data-widget_type=\"wp-widget-advads_ad_widget.default\">\n\t\t\t\t<div class=\"elementor-widget-container\">\n\t\t\t<div id=\"regio-2835830751\"><div class=\"regio-adlabel\">Werbung<\/div><!-- Beginn https:\/\/www.financeads.net\/-Code --><a href=\"https:\/\/www.financeads.net\/tc.php?t=36648C19118058B\" target=\"_blank\"><img fetchpriority=\"high\" decoding=\"async\" src=\"https:\/\/www.financeads.net\/tb.php?t=36648V19118058B&https=1\" alt=\"\" border=\"0\" width=\"728\" height=\"90\"><\/a><!-- Ende https:\/\/www.financeads.net\/-Code --><\/div>\t\t<\/div>\n\t\t\t\t<\/div>\n\t\t\t\t<div class=\"elementor-element elementor-element-443ab98 elementor-widget elementor-widget-text-editor\" data-id=\"443ab98\" data-element_type=\"widget\" data-widget_type=\"text-editor.default\">\n\t\t\t\t<div class=\"elementor-widget-container\">\n\t\t\t\t\t\t\t<h3>Freitag, 5. Juli 2019, 19.00 Uhr im Hof des Alten DG<br \/>Musikschul-Open-Air mit Flower Power<\/h3><p><span style=\"font-size: 12pt;\">Schwabach &#8211; Nach vier Jahren Pause, bedingt durch den gro\u00dfen Umbau im alten DG,\u00a0veranstaltet die Musikschule am Freitag, 5. Juli, wieder ihren gro\u00dfen Open Air-Abend. Ab 19 Uhr pr\u00e4sentieren Sch\u00fcler-Ensembles St\u00fccke, die die ganze Bandbreite des Flower Power widerspiegeln. Den Schlussakkord setzt die Bigband der Musikschule unter der Leitung von Pavel Sandorf.<\/span><\/p><p><span style=\"font-size: 12pt;\">In diesem Jahr sind 50 Jahre vergangen seit dem wohl gr\u00f6\u00dften Musikfest aller Zeiten \u2013 Woodstock. Eingedenk dieses Jubil\u00e4ums steht das Open Air unter dem Thema Flower Power. Der Abend soll das Gef\u00fchl der Leichtigkeit, Offenheit und vor allem das Unbek\u00fcmmerte dieser Zeit f\u00fcr ein paar Stunden wiederaufleben lassen. Dabei sind nicht nur die \u201eAlt-Achtundsechziger\u201c angesprochen, sondern die ganze Familie. Die Musikbeitr\u00e4ge kommen von allen Altersklassen, die an der Musikschule aktiv sind.<\/span><\/p><p><span style=\"font-size: 12pt;\">Erstmals tritt ein gro\u00dfes Projektorchester mit 40 Sch\u00fclern auf, das unter anderem den gro\u00dfen Wassermann Aquarius aufleben l\u00e4sst. Mit Freiheit besch\u00e4ftigt sich das Lehrer-Ensemble in dem die meisten Lehrenden der Schule mitwirken. Die Profimusiker lassen unter anderem den Libertango von Astor Piazzolla erklingen.<\/span><\/p><p><span style=\"font-size: 12pt;\">Genau wie die Musikschule selbst, hat der Schulhof des alten DG ein ganz neues, freundliches Gesicht bekommen. Da bietet es sich nat\u00fcrlich mehr als an, die Reihe der Open Air-Konzerte fortzusetzen.<\/span><br \/><br \/><span style=\"font-size: 12pt;\">F\u00fcr die Besucher steht ein gro\u00dfer Biergarten bereit. Der F\u00f6rderverein der Musikschule und die Arbeiterwohlfahrt sorgen f\u00fcr die Bewirtung mit Speisen und Getr\u00e4nken.<\/span><\/p><p><span style=\"font-size: 12pt;\"><strong>Foto (Stadt Schwabach):<\/strong> Nach vier Jahren Pause freut sich die Musikschul-Familie wieder \u00fcber ein Open-Air-Konzert im Hof des Alten DG (Archivfoto aus dem Jahr 2013).<\/span><\/p><h3>Weiterf\u00fchrende Links:<\/h3><p><span style=\"font-size: 12pt;\"><a href=\"https:\/\/www.schwabach.de\/de\/kulturportal-musikschule\/musikschule.html\" target=\"_blank\" rel=\"noopener\">Zur Homepage der Adolph-von-Henselt-Musikschule geht es hier &#8230;<\/a><\/span><\/p>\t\t\t\t\t\t<\/div>\n\t\t\t\t<\/div>\n\t\t\t\t<div class=\"elementor-element elementor-element-2c99766 elementor-widget elementor-widget-google_maps\" data-id=\"2c99766\" data-element_type=\"widget\" data-widget_type=\"google_maps.default\">\n\t\t\t\t<div class=\"elementor-widget-container\">\n\t\t\t\t\t<div class=\"elementor-custom-embed\">\n\t\t\t<iframe loading=\"lazy\"\n\t\t\t\t\tsrc=\"https:\/\/maps.google.com\/maps?q=K%C3%B6nigsplatz%2033a%2C%20Schwabach%2C%20Deutschland&#038;t=m&#038;z=17&#038;output=embed&#038;iwloc=near\"\n\t\t\t\t\ttitle=\"K\u00f6nigsplatz 33a, Schwabach, Deutschland\"\n\t\t\t\t\taria-label=\"K\u00f6nigsplatz 33a, Schwabach, Deutschland\"\n\t\t\t><\/iframe>\n\t\t<\/div>\n\t\t\t\t<\/div>\n\t\t\t\t<\/div>\n\t\t\t\t\t<\/div>\n\t\t<\/div>\n\t\t\t\t<div class=\"elementor-column elementor-col-50 elementor-top-column elementor-element elementor-element-769a326\" data-id=\"769a326\" data-element_type=\"column\">\n\t\t\t<div class=\"elementor-widget-wrap elementor-element-populated\">\n\t\t\t\t\t\t<div class=\"elementor-element elementor-element-0a9e78c elementor-widget elementor-widget-heading\" data-id=\"0a9e78c\" data-element_type=\"widget\" data-widget_type=\"heading.default\">\n\t\t\t\t<div class=\"elementor-widget-container\">\n\t\t\t<h3 class=\"elementor-heading-title elementor-size-default\">Schnell vergleichen und sparen!<\/h3>\t\t<\/div>\n\t\t\t\t<\/div>\n\t\t\t\t<div class=\"elementor-element elementor-element-629e443 elementor-widget elementor-widget-wp-widget-advads_ad_widget\" data-id=\"629e443\" data-element_type=\"widget\" data-widget_type=\"wp-widget-advads_ad_widget.default\">\n\t\t\t\t<div class=\"elementor-widget-container\">\n\t\t\t<div id=\"regio-2621817446\"><div class=\"regio-adlabel\">Werbung<\/div><!-- Beginn https:\/\/www.financeads.net\/-Code --><a href=\"https:\/\/www.financeads.net\/tc.php?t=36648C236142529B\" target=\"_blank\"><img decoding=\"async\" src=\"https:\/\/www.financeads.net\/tb.php?t=36648V236142529B&https=1\" alt=\"\" border=\"0\" width=\"300\" height=\"250\"><\/a><!-- Ende https:\/\/www.financeads.net\/-Code --><\/div>\t\t<\/div>\n\t\t\t\t<\/div>\n\t\t\t\t<div class=\"elementor-element elementor-element-31f77ab elementor-widget elementor-widget-wp-widget-advads_ad_widget\" data-id=\"31f77ab\" data-element_type=\"widget\" data-widget_type=\"wp-widget-advads_ad_widget.default\">\n\t\t\t\t<div class=\"elementor-widget-container\">\n\t\t\t<div id=\"regio-372382467\"><div class=\"regio-adlabel\">Werbung<\/div><!-- Beginn https:\/\/www.financeads.net\/-Code --><a href=\"https:\/\/www.financeads.net\/tc.php?t=36648C42614510B\" target=\"_blank\"><img decoding=\"async\" src=\"https:\/\/www.financeads.net\/tb.php?t=36648V42614510B&https=1\" alt=\"\" border=\"0\" width=\"200\" height=\"300\"><\/a><!-- Ende https:\/\/www.financeads.net\/-Code --><\/div>\t\t<\/div>\n\t\t\t\t<\/div>\n\t\t\t\t<div class=\"elementor-element elementor-element-24f31c1 elementor-widget elementor-widget-wp-widget-advads_ad_widget\" data-id=\"24f31c1\" data-element_type=\"widget\" data-widget_type=\"wp-widget-advads_ad_widget.default\">\n\t\t\t\t<div class=\"elementor-widget-container\">\n\t\t\t<div id=\"regio-1548537870\"><div class=\"regio-adlabel\">Werbung<\/div><!-- Beginn https:\/\/www.financeads.net\/-Code --><a href=\"https:\/\/www.financeads.net\/tc.php?t=36648C205040072B\" target=\"_blank\"><img loading=\"lazy\" decoding=\"async\" src=\"https:\/\/www.financeads.net\/tb.php?t=36648V205040072B&https=1\" alt=\"\" border=\"0\" width=\"300\" height=\"250\"><\/a><!-- Ende https:\/\/www.financeads.net\/-Code --><\/div>\t\t<\/div>\n\t\t\t\t<\/div>\n\t\t\t\t<div class=\"elementor-element elementor-element-add57cc elementor-widget elementor-widget-wp-widget-advads_ad_widget\" data-id=\"add57cc\" data-element_type=\"widget\" data-widget_type=\"wp-widget-advads_ad_widget.default\">\n\t\t\t\t<div class=\"elementor-widget-container\">\n\t\t\t<div id=\"regio-1307854019\"><div class=\"regio-adlabel\">Werbung<\/div><!-- Beginn https:\/\/www.financeads.net\/-Code --><a href=\"https:\/\/www.financeads.net\/tc.php?t=36648C271460142B\" target=\"_blank\"><img loading=\"lazy\" decoding=\"async\" src=\"https:\/\/www.financeads.net\/tb.php?t=36648V271460142B&https=1\" alt=\"PETPROTECT_Hund&Katze_Banner\" border=\"0\" width=\"250\" height=\"250\"><\/a><!-- Ende https:\/\/www.financeads.net\/-Code --><\/div>\t\t<\/div>\n\t\t\t\t<\/div>\n\t\t\t\t\t<\/div>\n\t\t<\/div>\n\t\t\t\t\t<\/div>\n\t\t<\/section>\n\t\t\t\t<\/div>\n\t\t","protected":false},"excerpt":{"rendered":"<div class=\"mh-excerpt\"><p>Freitag, 5. Juli 2019, 19.00 Uhr im Hof des Alten DGMusikschul-Open-Air mit Flower Power Schwabach &#8211; Nach vier Jahren Pause, bedingt durch den gro\u00dfen Umbau im alten DG,\u00a0veranstaltet die Musikschule am Freitag, 5. Juli, wieder <a class=\"mh-excerpt-more\" href=\"https:\/\/www.region-schwabach.de\/wordpress\/open-air-konzert-der-musikschule-mit-flower-power-am-5-juli-2019\/\" title=\"Open-Air-Konzert der Musikschule mit Flower Power am 5. Juli 2019\">[&#8230;]<\/a><\/p>\n<\/div>","protected":false},"author":1,"featured_media":95178,"comment_status":"open","ping_status":"open","sticky":false,"template":"","format":"standard","meta":{"_cbd_carousel_blocks":"[]","footnotes":""},"categories":[16,287,61,231,140],"tags":[9855,4387,3604,9889,522,3128,3144,9888,4538,19,3151],"class_list":{"0":"post-95177","1":"post","2":"type-post","3":"status-publish","4":"format-standard","5":"has-post-thumbnail","7":"category-aktuell","8":"category-jugend-und-familie","9":"category-rathaus","10":"category-veranstaltungsnews","11":"category-vereine","12":"tag-05-07-2019","13":"tag-adolph-von-henselt-musikschule","14":"tag-buergerhaus","15":"tag-flower-power","16":"tag-koenigsplatz","17":"tag-konzert","18":"tag-musikschule","19":"tag-open-air-konzert","20":"tag-schueler","21":"tag-schwabach","22":"tag-stadt-schwabach"},"_links":{"self":[{"href":"https:\/\/www.region-schwabach.de\/wordpress\/wp-json\/wp\/v2\/posts\/95177","targetHints":{"allow":["GET"]}}],"collection":[{"href":"https:\/\/www.region-schwabach.de\/wordpress\/wp-json\/wp\/v2\/posts"}],"about":[{"href":"https:\/\/www.region-schwabach.de\/wordpress\/wp-json\/wp\/v2\/types\/post"}],"author":[{"embeddable":true,"href":"https:\/\/www.region-schwabach.de\/wordpress\/wp-json\/wp\/v2\/users\/1"}],"replies":[{"embeddable":true,"href":"https:\/\/www.region-schwabach.de\/wordpress\/wp-json\/wp\/v2\/comments?post=95177"}],"version-history":[{"count":0,"href":"https:\/\/www.region-schwabach.de\/wordpress\/wp-json\/wp\/v2\/posts\/95177\/revisions"}],"wp:featuredmedia":[{"embeddable":true,"href":"https:\/\/www.region-schwabach.de\/wordpress\/wp-json\/wp\/v2\/media\/95178"}],"wp:attachment":[{"href":"https:\/\/www.region-schwabach.de\/wordpress\/wp-json\/wp\/v2\/media?parent=95177"}],"wp:term":[{"taxonomy":"category","embeddable":true,"href":"https:\/\/www.region-schwabach.de\/wordpress\/wp-json\/wp\/v2\/categories?post=95177"},{"taxonomy":"post_tag","embeddable":true,"href":"https:\/\/www.region-schwabach.de\/wordpress\/wp-json\/wp\/v2\/tags?post=95177"}],"curies":[{"name":"wp","href":"https:\/\/api.w.org\/{rel}","templated":true}]}}