{"id":95333,"date":"2019-07-10T00:04:35","date_gmt":"2019-07-09T22:04:35","guid":{"rendered":"http:\/\/www.region-schwabach.de\/wordpress\/?p=95333"},"modified":"2019-07-09T23:32:38","modified_gmt":"2019-07-09T21:32:38","slug":"offentliche-sitzung-des-umwelt-und-verkehrsausschusses-am-10-juli-2019","status":"publish","type":"post","link":"https:\/\/www.region-schwabach.de\/wordpress\/offentliche-sitzung-des-umwelt-und-verkehrsausschusses-am-10-juli-2019\/","title":{"rendered":"\u00d6ffentliche Sitzung des Umwelt- und Verkehrsausschusses am 10. Juli 2019"},"content":{"rendered":"\t\t<div data-elementor-type=\"wp-post\" data-elementor-id=\"95333\" class=\"elementor elementor-95333\">\n\t\t\t\t\t\t<section class=\"elementor-section elementor-top-section elementor-element elementor-element-678181b elementor-section-boxed elementor-section-height-default elementor-section-height-default\" data-id=\"678181b\" data-element_type=\"section\">\n\t\t\t\t\t\t<div class=\"elementor-container elementor-column-gap-default\">\n\t\t\t\t\t<div class=\"elementor-column elementor-col-50 elementor-top-column elementor-element elementor-element-6b34026\" data-id=\"6b34026\" data-element_type=\"column\">\n\t\t\t<div class=\"elementor-widget-wrap elementor-element-populated\">\n\t\t\t\t\t\t<div class=\"elementor-element elementor-element-12bd100 elementor-widget elementor-widget-wp-widget-advads_ad_widget\" data-id=\"12bd100\" data-element_type=\"widget\" data-widget_type=\"wp-widget-advads_ad_widget.default\">\n\t\t\t\t<div class=\"elementor-widget-container\">\n\t\t\t<div id=\"regio-393114516\"><div class=\"regio-adlabel\">Werbung<\/div><!-- Beginn https:\/\/www.financeads.net\/-Code --><a href=\"https:\/\/www.financeads.net\/tc.php?t=36648C19118058B\" target=\"_blank\"><img fetchpriority=\"high\" decoding=\"async\" src=\"https:\/\/www.financeads.net\/tb.php?t=36648V19118058B&https=1\" alt=\"\" border=\"0\" width=\"728\" height=\"90\"><\/a><!-- Ende https:\/\/www.financeads.net\/-Code --><\/div>\t\t<\/div>\n\t\t\t\t<\/div>\n\t\t\t\t<div class=\"elementor-element elementor-element-443ab98 elementor-widget elementor-widget-text-editor\" data-id=\"443ab98\" data-element_type=\"widget\" data-widget_type=\"text-editor.default\">\n\t\t\t\t<div class=\"elementor-widget-container\">\n\t\t\t\t\t\t\t<h3>\u00d6ffentliche Sitzung des Umwelt- und Verkehrsausschusses<\/h3><p><span style=\"font-size: 12pt;\">Am Mittwoch, den 10.07.2019, findet im Sitzungssaal des Feuerwehrhofes, Friedrich-Ebert-Stra\u00dfe 20, in Schwabach um 16.00 Uhr die \u00f6ffentliche Sitzung des Umwelt- und Verkehrsausschusses mit foldender Tagesordnung statt:<\/span><\/p><ol><li><span style=\"font-size: 12pt;\">Juraleitung (P53) \u2013 Fr\u00fchzeitige Beteiligung vor Beginn des Raumordnungsverfahrens<\/span><\/li><li><span style=\"font-size: 12pt;\">Interkommunales Kompensationsmanagement im Mittelfr\u00e4nkischen Becken; Vereinsgr\u00fcndung und Beitritt der Stadt Schwabach<\/span><\/li><li><span style=\"font-size: 12pt;\">Antrag B\u00fcndnis 90\/Die Gr\u00fcnen; \u00c4nderung des Strombezugs f\u00fcr st\u00e4dtische Liegenschaften<\/span><\/li><li><span style=\"font-size: 12pt;\">Antrag Fraktion B\u00fcndnis90\/Die Gr\u00fcnen bzgl. der Verbesserung des Radverkehrs<\/span><\/li><li><span style=\"font-size: 12pt;\">Parkraumbewirtschaftung: Antrag Freie W\u00e4hler &#8211; Tagesticket Hindenburgstra\u00dfe und Einf\u00fchrung Bewirtschaftung und Altstadtaprken Parkplatz Alte Linde<\/span><\/li><li><span style=\"font-size: 12pt;\">B\u00fcrgerversammlung Altstadt (I) vom 21.05.2019; Antrag auf ein n\u00e4chtliches Durchfahrtsverbot in der Z\u00f6llnertorstra\u00dfe<\/span><\/li><li><span style=\"font-size: 12pt;\">Klimaschutz; Sachstand und weitere Umsetzung des integrierten Klimaschutzkonzepts<\/span><\/li><li><span style=\"font-size: 12pt;\">Genehmigung der letzten Niederschrift<\/span><\/li><li><span style=\"font-size: 12pt;\">Anfragen und Anregungen<\/span><\/li><\/ol>\t\t\t\t\t\t<\/div>\n\t\t\t\t<\/div>\n\t\t\t\t<div class=\"elementor-element elementor-element-21c3450 elementor-widget-divider--view-line elementor-widget elementor-widget-divider\" data-id=\"21c3450\" data-element_type=\"widget\" data-widget_type=\"divider.default\">\n\t\t\t\t<div class=\"elementor-widget-container\">\n\t\t\t\t\t<div class=\"elementor-divider\">\n\t\t\t<span class=\"elementor-divider-separator\">\n\t\t\t\t\t\t<\/span>\n\t\t<\/div>\n\t\t\t\t<\/div>\n\t\t\t\t<\/div>\n\t\t\t\t<div class=\"elementor-element elementor-element-f4c690c elementor-widget elementor-widget-google_maps\" data-id=\"f4c690c\" data-element_type=\"widget\" data-widget_type=\"google_maps.default\">\n\t\t\t\t<div class=\"elementor-widget-container\">\n\t\t\t\t\t<div class=\"elementor-custom-embed\">\n\t\t\t<iframe loading=\"lazy\"\n\t\t\t\t\tsrc=\"https:\/\/maps.google.com\/maps?q=Friedrich-Ebert-Stra%C3%9Fe%2020%2C%20Schwabach%2C%20Deutschland&#038;t=m&#038;z=17&#038;output=embed&#038;iwloc=near\"\n\t\t\t\t\ttitle=\"Friedrich-Ebert-Stra\u00dfe 20, Schwabach, Deutschland\"\n\t\t\t\t\taria-label=\"Friedrich-Ebert-Stra\u00dfe 20, Schwabach, Deutschland\"\n\t\t\t><\/iframe>\n\t\t<\/div>\n\t\t\t\t<\/div>\n\t\t\t\t<\/div>\n\t\t\t\t\t<\/div>\n\t\t<\/div>\n\t\t\t\t<div class=\"elementor-column elementor-col-50 elementor-top-column elementor-element elementor-element-4e52952\" data-id=\"4e52952\" data-element_type=\"column\">\n\t\t\t<div class=\"elementor-widget-wrap elementor-element-populated\">\n\t\t\t\t\t\t<div class=\"elementor-element elementor-element-a58da64 elementor-widget elementor-widget-heading\" data-id=\"a58da64\" data-element_type=\"widget\" data-widget_type=\"heading.default\">\n\t\t\t\t<div class=\"elementor-widget-container\">\n\t\t\t<h3 class=\"elementor-heading-title elementor-size-default\">Schnell vergleichen und sparen!<\/h3>\t\t<\/div>\n\t\t\t\t<\/div>\n\t\t\t\t<div class=\"elementor-element elementor-element-c140805 elementor-widget elementor-widget-wp-widget-advads_ad_widget\" data-id=\"c140805\" data-element_type=\"widget\" data-widget_type=\"wp-widget-advads_ad_widget.default\">\n\t\t\t\t<div class=\"elementor-widget-container\">\n\t\t\t<div id=\"regio-3348430108\"><div class=\"regio-adlabel\">Werbung<\/div><!-- Beginn https:\/\/www.financeads.net\/-Code --><a href=\"https:\/\/www.financeads.net\/tc.php?t=36648C236142529B\" target=\"_blank\"><img decoding=\"async\" src=\"https:\/\/www.financeads.net\/tb.php?t=36648V236142529B&https=1\" alt=\"\" border=\"0\" width=\"300\" height=\"250\"><\/a><!-- Ende https:\/\/www.financeads.net\/-Code --><\/div>\t\t<\/div>\n\t\t\t\t<\/div>\n\t\t\t\t<div class=\"elementor-element elementor-element-751c2e2 elementor-widget elementor-widget-wp-widget-advads_ad_widget\" data-id=\"751c2e2\" data-element_type=\"widget\" data-widget_type=\"wp-widget-advads_ad_widget.default\">\n\t\t\t\t<div class=\"elementor-widget-container\">\n\t\t\t<div id=\"regio-3616371428\"><div class=\"regio-adlabel\">Werbung<\/div><!-- Beginn https:\/\/www.financeads.net\/-Code --><a href=\"https:\/\/www.financeads.net\/tc.php?t=36648C42614510B\" target=\"_blank\"><img decoding=\"async\" src=\"https:\/\/www.financeads.net\/tb.php?t=36648V42614510B&https=1\" alt=\"\" border=\"0\" width=\"200\" height=\"300\"><\/a><!-- Ende https:\/\/www.financeads.net\/-Code --><\/div>\t\t<\/div>\n\t\t\t\t<\/div>\n\t\t\t\t<div class=\"elementor-element elementor-element-9ae0d5b elementor-widget elementor-widget-wp-widget-advads_ad_widget\" data-id=\"9ae0d5b\" data-element_type=\"widget\" data-widget_type=\"wp-widget-advads_ad_widget.default\">\n\t\t\t\t<div class=\"elementor-widget-container\">\n\t\t\t<div id=\"regio-1954405934\"><div class=\"regio-adlabel\">Werbung<\/div><!-- Beginn https:\/\/www.financeads.net\/-Code --><a href=\"https:\/\/www.financeads.net\/tc.php?t=36648C205040072B\" target=\"_blank\"><img loading=\"lazy\" decoding=\"async\" src=\"https:\/\/www.financeads.net\/tb.php?t=36648V205040072B&https=1\" alt=\"\" border=\"0\" width=\"300\" height=\"250\"><\/a><!-- Ende https:\/\/www.financeads.net\/-Code --><\/div>\t\t<\/div>\n\t\t\t\t<\/div>\n\t\t\t\t<div class=\"elementor-element elementor-element-6283ea6 elementor-widget elementor-widget-wp-widget-advads_ad_widget\" data-id=\"6283ea6\" data-element_type=\"widget\" data-widget_type=\"wp-widget-advads_ad_widget.default\">\n\t\t\t\t<div class=\"elementor-widget-container\">\n\t\t\t<div id=\"regio-1743694807\"><div class=\"regio-adlabel\">Werbung<\/div><!-- Beginn https:\/\/www.financeads.net\/-Code --><a href=\"https:\/\/www.financeads.net\/tc.php?t=36648C271460142B\" target=\"_blank\"><img loading=\"lazy\" decoding=\"async\" src=\"https:\/\/www.financeads.net\/tb.php?t=36648V271460142B&https=1\" alt=\"PETPROTECT_Hund&Katze_Banner\" border=\"0\" width=\"250\" height=\"250\"><\/a><!-- Ende https:\/\/www.financeads.net\/-Code --><\/div>\t\t<\/div>\n\t\t\t\t<\/div>\n\t\t\t\t\t<\/div>\n\t\t<\/div>\n\t\t\t\t\t<\/div>\n\t\t<\/section>\n\t\t\t\t<\/div>\n\t\t","protected":false},"excerpt":{"rendered":"<div class=\"mh-excerpt\"><p>\u00d6ffentliche Sitzung des Umwelt- und Verkehrsausschusses Am Mittwoch, den 10.07.2019, findet im Sitzungssaal des Feuerwehrhofes, Friedrich-Ebert-Stra\u00dfe 20, in Schwabach um 16.00 Uhr die \u00f6ffentliche Sitzung des Umwelt- und Verkehrsausschusses mit foldender Tagesordnung statt: Juraleitung (P53) <a class=\"mh-excerpt-more\" href=\"https:\/\/www.region-schwabach.de\/wordpress\/offentliche-sitzung-des-umwelt-und-verkehrsausschusses-am-10-juli-2019\/\" title=\"\u00d6ffentliche Sitzung des Umwelt- und Verkehrsausschusses am 10. Juli 2019\">[&#8230;]<\/a><\/p>\n<\/div>","protected":false},"author":1,"featured_media":41345,"comment_status":"open","ping_status":"open","sticky":false,"template":"","format":"standard","meta":{"_cbd_carousel_blocks":"[]","footnotes":""},"categories":[16,79,61],"tags":[9906,3604,9907,717,1480,19,3609,3151,3887],"class_list":{"0":"post-95333","1":"post","2":"type-post","3":"status-publish","4":"format-standard","5":"has-post-thumbnail","7":"category-aktuell","8":"category-politik","9":"category-rathaus","10":"tag-10-07-2019","11":"tag-buergerhaus","12":"tag-feuerwehrhof","13":"tag-friedrich-ebert-strasse","14":"tag-rathaus","15":"tag-schwabach","16":"tag-sitzungssaal","17":"tag-stadt-schwabach","18":"tag-umwelt-und-verkehrsausschuss"},"_links":{"self":[{"href":"https:\/\/www.region-schwabach.de\/wordpress\/wp-json\/wp\/v2\/posts\/95333","targetHints":{"allow":["GET"]}}],"collection":[{"href":"https:\/\/www.region-schwabach.de\/wordpress\/wp-json\/wp\/v2\/posts"}],"about":[{"href":"https:\/\/www.region-schwabach.de\/wordpress\/wp-json\/wp\/v2\/types\/post"}],"author":[{"embeddable":true,"href":"https:\/\/www.region-schwabach.de\/wordpress\/wp-json\/wp\/v2\/users\/1"}],"replies":[{"embeddable":true,"href":"https:\/\/www.region-schwabach.de\/wordpress\/wp-json\/wp\/v2\/comments?post=95333"}],"version-history":[{"count":0,"href":"https:\/\/www.region-schwabach.de\/wordpress\/wp-json\/wp\/v2\/posts\/95333\/revisions"}],"wp:featuredmedia":[{"embeddable":true,"href":"https:\/\/www.region-schwabach.de\/wordpress\/wp-json\/wp\/v2\/media\/41345"}],"wp:attachment":[{"href":"https:\/\/www.region-schwabach.de\/wordpress\/wp-json\/wp\/v2\/media?parent=95333"}],"wp:term":[{"taxonomy":"category","embeddable":true,"href":"https:\/\/www.region-schwabach.de\/wordpress\/wp-json\/wp\/v2\/categories?post=95333"},{"taxonomy":"post_tag","embeddable":true,"href":"https:\/\/www.region-schwabach.de\/wordpress\/wp-json\/wp\/v2\/tags?post=95333"}],"curies":[{"name":"wp","href":"https:\/\/api.w.org\/{rel}","templated":true}]}}