{"id":96927,"date":"2019-08-05T00:03:36","date_gmt":"2019-08-04T22:03:36","guid":{"rendered":"http:\/\/www.region-schwabach.de\/wordpress\/?p=96927"},"modified":"2019-08-05T00:15:33","modified_gmt":"2019-08-04T22:15:33","slug":"karwa-in-limbach-vom-1-august-2019-5-august-2019","status":"publish","type":"post","link":"https:\/\/www.region-schwabach.de\/wordpress\/karwa-in-limbach-vom-1-august-2019-5-august-2019\/","title":{"rendered":"K\u00e4rwa in Limbach vom 1. August 2019 &#8211; 5. August 2019"},"content":{"rendered":"\t\t<div data-elementor-type=\"wp-post\" data-elementor-id=\"96927\" class=\"elementor elementor-96927\">\n\t\t\t\t\t\t<section class=\"elementor-section elementor-top-section elementor-element elementor-element-678181b elementor-section-boxed elementor-section-height-default elementor-section-height-default\" data-id=\"678181b\" data-element_type=\"section\">\n\t\t\t\t\t\t<div class=\"elementor-container elementor-column-gap-default\">\n\t\t\t\t\t<div class=\"elementor-column elementor-col-50 elementor-top-column elementor-element elementor-element-6b34026\" data-id=\"6b34026\" data-element_type=\"column\">\n\t\t\t<div class=\"elementor-widget-wrap elementor-element-populated\">\n\t\t\t\t\t\t<div class=\"elementor-element elementor-element-4267c1f elementor-widget elementor-widget-wp-widget-advads_ad_widget\" data-id=\"4267c1f\" data-element_type=\"widget\" data-widget_type=\"wp-widget-advads_ad_widget.default\">\n\t\t\t\t<div class=\"elementor-widget-container\">\n\t\t\t<div id=\"regio-3889843700\"><div class=\"regio-adlabel\">Werbung<\/div><!-- Beginn https:\/\/www.financeads.net\/-Code --><a href=\"https:\/\/www.financeads.net\/tc.php?t=36648C19118058B\" target=\"_blank\"><img fetchpriority=\"high\" decoding=\"async\" src=\"https:\/\/www.financeads.net\/tb.php?t=36648V19118058B&https=1\" alt=\"\" border=\"0\" width=\"728\" height=\"90\"><\/a><!-- Ende https:\/\/www.financeads.net\/-Code --><\/div>\t\t<\/div>\n\t\t\t\t<\/div>\n\t\t\t\t<div class=\"elementor-element elementor-element-443ab98 elementor-widget elementor-widget-text-editor\" data-id=\"443ab98\" data-element_type=\"widget\" data-widget_type=\"text-editor.default\">\n\t\t\t\t<div class=\"elementor-widget-container\">\n\t\t\t\t\t\t\t<h3 class=\"entry-title page-title\">Limbacher K\u00e4rwa (37 Jahre Brauchtum)<\/h3><p><span style=\"font-size: 12pt;\">Die Limbacher K\u00e4rwa findet dieses Jahr von Donnerstag, den 01.08.2019, bis Montag, den 05.08.2018 auf dem Festplatz in Limbach statt.\u00a0<\/span><\/p><h3>Programm<\/h3><p><span style=\"font-size: 12pt;\"><strong>Donnerstag, den 1. August 2019<\/strong><\/span><\/p><ul style=\"list-style-type: disc;\"><li><span style=\"font-size: 12pt;\">19.30 Uhr: Rocknacht mit <strong>&#8222;POWERLORD&#8220;<\/strong> im Festzelt (Einlass ab 18:30<\/span><br \/><span style=\"font-size: 12pt;\">Uhr)<\/span><\/li><\/ul><p><span style=\"font-size: 12pt;\"><strong>Freitag, den 2. August 2019<\/strong><\/span><\/p><ul style=\"list-style-type: disc;\"><li><span style=\"font-size: 12pt;\">17.00 Uhr: Kirchweihplatz und gro\u00dfer Biergarten ge\u00f6ffnet<\/span><\/li><li><span style=\"font-size: 12pt;\">19.00 Uhr: Bierzelter\u00f6ffnung \u2013 f\u00fcr ordentlich Stimmung sorgen <strong>\u201e<\/strong><strong>RADSPITZ&#8220;<\/strong><\/span><\/li><li><span style=\"font-size: 12pt;\">20.00 Uhr: Traditioneller Bieranstich durch Oberb\u00fcrgermeister Matthias Th\u00fcrauf<\/span><\/li><\/ul><p><span style=\"font-size: 12pt;\"><strong>Samstag, den 3. August 2019<\/strong><\/span><\/p><ul style=\"list-style-type: disc;\"><li><span style=\"font-size: 12pt;\">14.00 Uhr: Kirchweihbetrieb, Festzelt und Biergarten ge\u00f6ffnet<\/span><\/li><li><span style=\"font-size: 12pt;\">15.00 Uhr: Einholen der Kirchweihb\u00e4ume<\/span><\/li><li><span style=\"font-size: 12pt;\">16.00 Uhr: Aufstellen des Kirchweihbaumes durch die K\u00e4rwaboum am Feuerwehrhaus<\/span><\/li><li><span style=\"font-size: 12pt;\">19.00 Uhr: Sensationeller Stimmungsabend mit <strong>\u201e<\/strong><strong>Klostergold&#8220;<\/strong><\/span><\/li><\/ul><p><span style=\"font-size: 12pt;\"><strong>Sonntag, den 4. August 2019<\/strong><\/span><\/p><ul style=\"list-style-type: disc;\"><li><span style=\"font-size: 12pt;\">10.00 Uhr: Gottesdienst im Festzelt\u00a0<\/span><\/li><li><span style=\"font-size: 12pt;\">10.45 Uhr: Aufstellen des Kirchweihbaumes durch die K\u00e4rwazwerge und Schrazen am Kirchweihplatz<\/span><br \/><span style=\"font-size: 12pt;\">Gro\u00dfer Mittagstisch mit verschiedenen Angeboten im Festzelt, f\u00fcr Unterhaltung am Mittagstisch sorgt <strong>\u201eFRANKENTRIO\u201c<\/strong><\/span><\/li><li><span style=\"font-size: 12pt;\">13.00 Uhr:\u00a0Bunter Familiennachmittag auf dem Festplatz<\/span><br \/><span style=\"font-size: 12pt;\">Bilderausstellung &#8222;Limbacher K\u00e4rwa&#8220; von den Kindern des St.Monika Kindergartens\u00a0<\/span><\/li><li><span style=\"font-size: 12pt;\">14.30 Uhr: Dorfrundfahrt der K\u00e4rwaboum mit &#8222;F\u00e4\u00dflasuchen&#8220;<\/span><\/li><li><span style=\"font-size: 12pt;\">18.30 Uhr: <strong>\u201e<\/strong><strong>Gipfelgaudi&#8220;<\/strong>\u00a0sorgen auch dieses Jahr wieder f\u00fcr Heiterkeit am K\u00e4rwasonntag<\/span><\/li><li><span style=\"font-size: 12pt;\">20.00 Uhr: Gro\u00dfe Verlosung 1. Preis: Hammel, 2. Preis: Spanferkel, 3. Preis: Fahrrad<\/span><\/li><\/ul><p><span style=\"font-size: 12pt;\"><strong>Montag, den 5. August 2018<\/strong><\/span><\/p><ul style=\"list-style-type: disc;\"><li><span style=\"font-size: 12pt;\">15.00 Uhr: Kirchweihbetrieb, Festzelt und Biergarten ge\u00f6ffnet<\/span><br \/><span style=\"font-size: 12pt;\">Gro\u00dfer Kindernachmittag mit erm\u00e4\u00dfigten Fahrpreisen und Angeboten im Zelt<\/span><br \/><span style=\"font-size: 12pt;\">F\u00fcr die kleinen K\u00e4rwag\u00e4ste kommt \u201eEin Kasperletheater\u201c \u2013 Eintritt frei<\/span><\/li><li><span style=\"font-size: 12pt;\">19.00 Uhr: F\u00fcr einen z\u00fcnftigen Kirchweihausklang sorgen die <\/span><strong><span style=\"font-size: 12pt;\">\u201eMEMBERS<\/span>&#8222;<\/strong><\/li><\/ul><p><span style=\"font-size: 12pt;\">F\u00fcr das leibliche Wohl sorgt Festwirt Bastian Schuhmann. Zur Unterhaltung gibt es neben dem Festzelt auch eine Auswahl an Fahrgesch\u00e4ften und Buden.\u00a0<\/span><\/p><p><span style=\"font-size: 12pt;\"><strong>Die K\u00e4rwamadli und K\u00e4rwaboum Limbach freuen sich auf Ihr Kommen!<\/strong><\/span><\/p>\t\t\t\t\t\t<\/div>\n\t\t\t\t<\/div>\n\t\t\t\t<div class=\"elementor-element elementor-element-0c834d7 elementor-widget-divider--view-line elementor-widget elementor-widget-divider\" data-id=\"0c834d7\" data-element_type=\"widget\" data-widget_type=\"divider.default\">\n\t\t\t\t<div class=\"elementor-widget-container\">\n\t\t\t\t\t<div class=\"elementor-divider\">\n\t\t\t<span class=\"elementor-divider-separator\">\n\t\t\t\t\t\t<\/span>\n\t\t<\/div>\n\t\t\t\t<\/div>\n\t\t\t\t<\/div>\n\t\t\t\t<div class=\"elementor-element elementor-element-325f51f elementor-widget elementor-widget-google_maps\" data-id=\"325f51f\" data-element_type=\"widget\" data-widget_type=\"google_maps.default\">\n\t\t\t\t<div class=\"elementor-widget-container\">\n\t\t\t\t\t<div class=\"elementor-custom-embed\">\n\t\t\t<iframe loading=\"lazy\"\n\t\t\t\t\tsrc=\"https:\/\/maps.google.com\/maps?q=49.338503%2C%2011.042389&#038;t=m&#038;z=16&#038;output=embed&#038;iwloc=near\"\n\t\t\t\t\ttitle=\"49.338503, 11.042389\"\n\t\t\t\t\taria-label=\"49.338503, 11.042389\"\n\t\t\t><\/iframe>\n\t\t<\/div>\n\t\t\t\t<\/div>\n\t\t\t\t<\/div>\n\t\t\t\t\t<\/div>\n\t\t<\/div>\n\t\t\t\t<div class=\"elementor-column elementor-col-50 elementor-top-column elementor-element elementor-element-1e75fb4\" data-id=\"1e75fb4\" data-element_type=\"column\">\n\t\t\t<div class=\"elementor-widget-wrap elementor-element-populated\">\n\t\t\t\t\t\t<div class=\"elementor-element elementor-element-af8a469 elementor-widget elementor-widget-heading\" data-id=\"af8a469\" data-element_type=\"widget\" data-widget_type=\"heading.default\">\n\t\t\t\t<div class=\"elementor-widget-container\">\n\t\t\t<h3 class=\"elementor-heading-title elementor-size-default\">Schnell vergleichen und sparen!<\/h3>\t\t<\/div>\n\t\t\t\t<\/div>\n\t\t\t\t<div class=\"elementor-element elementor-element-0f7d877 elementor-widget elementor-widget-wp-widget-advads_ad_widget\" data-id=\"0f7d877\" data-element_type=\"widget\" data-widget_type=\"wp-widget-advads_ad_widget.default\">\n\t\t\t\t<div class=\"elementor-widget-container\">\n\t\t\t<div id=\"regio-968633326\"><div class=\"regio-adlabel\">Werbung<\/div><!-- Beginn https:\/\/www.financeads.net\/-Code --><a href=\"https:\/\/www.financeads.net\/tc.php?t=36648C236142529B\" target=\"_blank\"><img decoding=\"async\" src=\"https:\/\/www.financeads.net\/tb.php?t=36648V236142529B&https=1\" alt=\"\" border=\"0\" width=\"300\" height=\"250\"><\/a><!-- Ende https:\/\/www.financeads.net\/-Code --><\/div>\t\t<\/div>\n\t\t\t\t<\/div>\n\t\t\t\t<div class=\"elementor-element elementor-element-f4a06ca elementor-widget elementor-widget-wp-widget-advads_ad_widget\" data-id=\"f4a06ca\" data-element_type=\"widget\" data-widget_type=\"wp-widget-advads_ad_widget.default\">\n\t\t\t\t<div class=\"elementor-widget-container\">\n\t\t\t<div id=\"regio-2767395592\"><div class=\"regio-adlabel\">Werbung<\/div><!-- Beginn https:\/\/www.financeads.net\/-Code --><a href=\"https:\/\/www.financeads.net\/tc.php?t=36648C42614510B\" target=\"_blank\"><img decoding=\"async\" src=\"https:\/\/www.financeads.net\/tb.php?t=36648V42614510B&https=1\" alt=\"\" border=\"0\" width=\"200\" height=\"300\"><\/a><!-- Ende https:\/\/www.financeads.net\/-Code --><\/div>\t\t<\/div>\n\t\t\t\t<\/div>\n\t\t\t\t<div class=\"elementor-element elementor-element-db7f397 elementor-widget elementor-widget-wp-widget-advads_ad_widget\" data-id=\"db7f397\" data-element_type=\"widget\" data-widget_type=\"wp-widget-advads_ad_widget.default\">\n\t\t\t\t<div class=\"elementor-widget-container\">\n\t\t\t<div id=\"regio-720220308\"><div class=\"regio-adlabel\">Werbung<\/div><!-- Beginn https:\/\/www.financeads.net\/-Code --><a href=\"https:\/\/www.financeads.net\/tc.php?t=36648C205040072B\" target=\"_blank\"><img loading=\"lazy\" decoding=\"async\" src=\"https:\/\/www.financeads.net\/tb.php?t=36648V205040072B&https=1\" alt=\"\" border=\"0\" width=\"300\" height=\"250\"><\/a><!-- Ende https:\/\/www.financeads.net\/-Code --><\/div>\t\t<\/div>\n\t\t\t\t<\/div>\n\t\t\t\t<div class=\"elementor-element elementor-element-cf29f45 elementor-widget elementor-widget-wp-widget-advads_ad_widget\" data-id=\"cf29f45\" data-element_type=\"widget\" data-widget_type=\"wp-widget-advads_ad_widget.default\">\n\t\t\t\t<div class=\"elementor-widget-container\">\n\t\t\t<div id=\"regio-3218042636\"><div class=\"regio-adlabel\">Werbung<\/div><!-- Beginn https:\/\/www.financeads.net\/-Code --><a href=\"https:\/\/www.financeads.net\/tc.php?t=36648C271460142B\" target=\"_blank\"><img loading=\"lazy\" decoding=\"async\" src=\"https:\/\/www.financeads.net\/tb.php?t=36648V271460142B&https=1\" alt=\"PETPROTECT_Hund&Katze_Banner\" border=\"0\" width=\"250\" height=\"250\"><\/a><!-- Ende https:\/\/www.financeads.net\/-Code --><\/div>\t\t<\/div>\n\t\t\t\t<\/div>\n\t\t\t\t\t<\/div>\n\t\t<\/div>\n\t\t\t\t\t<\/div>\n\t\t<\/section>\n\t\t\t\t<section class=\"elementor-section elementor-top-section elementor-element elementor-element-69c8d75 elementor-section-boxed elementor-section-height-default elementor-section-height-default\" data-id=\"69c8d75\" data-element_type=\"section\">\n\t\t\t\t\t\t<div class=\"elementor-container elementor-column-gap-default\">\n\t\t\t\t\t<div class=\"elementor-column elementor-col-100 elementor-top-column elementor-element elementor-element-963ca5a\" data-id=\"963ca5a\" data-element_type=\"column\">\n\t\t\t<div class=\"elementor-widget-wrap elementor-element-populated\">\n\t\t\t\t\t\t<div class=\"elementor-element elementor-element-102257c elementor-widget elementor-widget-heading\" data-id=\"102257c\" data-element_type=\"widget\" data-widget_type=\"heading.default\">\n\t\t\t\t<div class=\"elementor-widget-container\">\n\t\t\t<h2 class=\"elementor-heading-title elementor-size-default\">Zur Einstimmung hier ein paar Impressionen aus den letzten Jahren<\/h2>\t\t<\/div>\n\t\t\t\t<\/div>\n\t\t\t\t\t<\/div>\n\t\t<\/div>\n\t\t\t\t\t<\/div>\n\t\t<\/section>\n\t\t\t\t<section class=\"elementor-section elementor-top-section elementor-element elementor-element-60d0a84 elementor-section-boxed elementor-section-height-default elementor-section-height-default\" data-id=\"60d0a84\" data-element_type=\"section\">\n\t\t\t\t\t\t<div class=\"elementor-container elementor-column-gap-default\">\n\t\t\t\t\t<div class=\"elementor-column elementor-col-100 elementor-top-column elementor-element elementor-element-92a1d03\" data-id=\"92a1d03\" data-element_type=\"column\">\n\t\t\t<div class=\"elementor-widget-wrap elementor-element-populated\">\n\t\t\t\t\t\t<div class=\"elementor-element elementor-element-dad7673 elementor-widget elementor-widget-heading\" data-id=\"dad7673\" data-element_type=\"widget\" data-widget_type=\"heading.default\">\n\t\t\t\t<div class=\"elementor-widget-container\">\n\t\t\t<h3 class=\"elementor-heading-title elementor-size-default\">(Bilder zum Vergr\u00f6\u00dfern bitte anklicken)<\/h3>\t\t<\/div>\n\t\t\t\t<\/div>\n\t\t\t\t\t<\/div>\n\t\t<\/div>\n\t\t\t\t\t<\/div>\n\t\t<\/section>\n\t\t\t\t<section class=\"elementor-section elementor-top-section elementor-element elementor-element-4199ac2 elementor-section-boxed elementor-section-height-default elementor-section-height-default\" data-id=\"4199ac2\" data-element_type=\"section\">\n\t\t\t\t\t\t<div class=\"elementor-container elementor-column-gap-default\">\n\t\t\t\t\t<div class=\"elementor-column elementor-col-50 elementor-top-column elementor-element elementor-element-c1dddde\" data-id=\"c1dddde\" data-element_type=\"column\">\n\t\t\t<div class=\"elementor-widget-wrap elementor-element-populated\">\n\t\t\t\t\t\t<div class=\"elementor-element elementor-element-d977ad7 elementor-widget elementor-widget-image\" data-id=\"d977ad7\" data-element_type=\"widget\" data-widget_type=\"image.default\">\n\t\t\t\t<div class=\"elementor-widget-container\">\n\t\t\t\t\t\t\t\t\t\t<figure class=\"wp-caption\">\n\t\t\t\t\t\t\t\t\t\t\t<a href=\"http:\/\/www.region-schwabach.de\/wordpress\/wp-content\/uploads\/2018\/07\/001.jpg\" data-elementor-open-lightbox=\"yes\" data-elementor-lightbox-title=\"001\" data-e-action-hash=\"#elementor-action%3Aaction%3Dlightbox%26settings%3DeyJpZCI6NDYwODIsInVybCI6Imh0dHBzOlwvXC93d3cucmVnaW9uLXNjaHdhYmFjaC5kZVwvd29yZHByZXNzXC93cC1jb250ZW50XC91cGxvYWRzXC8yMDE4XC8wN1wvMDAxLmpwZyJ9\">\n\t\t\t\t\t\t\t<img loading=\"lazy\" decoding=\"async\" width=\"678\" height=\"381\" src=\"https:\/\/www.region-schwabach.de\/wordpress\/wp-content\/uploads\/2018\/07\/001-678x381.jpg\" class=\"attachment-mh-magazine-content size-mh-magazine-content wp-image-46082\" alt=\"\" \/>\t\t\t\t\t\t\t\t<\/a>\n\t\t\t\t\t\t\t\t\t\t\t<figcaption class=\"widget-image-caption wp-caption-text\">Limbacher Kirchweih Bild 1<\/figcaption>\n\t\t\t\t\t\t\t\t\t\t<\/figure>\n\t\t\t\t\t\t\t<\/div>\n\t\t\t\t<\/div>\n\t\t\t\t\t<\/div>\n\t\t<\/div>\n\t\t\t\t<div class=\"elementor-column elementor-col-50 elementor-top-column elementor-element elementor-element-d9c9901\" data-id=\"d9c9901\" data-element_type=\"column\">\n\t\t\t<div class=\"elementor-widget-wrap elementor-element-populated\">\n\t\t\t\t\t\t<div class=\"elementor-element elementor-element-4ee09b3 elementor-widget elementor-widget-image\" data-id=\"4ee09b3\" data-element_type=\"widget\" data-widget_type=\"image.default\">\n\t\t\t\t<div class=\"elementor-widget-container\">\n\t\t\t\t\t\t\t\t\t\t<figure class=\"wp-caption\">\n\t\t\t\t\t\t\t\t\t\t\t<a href=\"http:\/\/www.region-schwabach.de\/wordpress\/wp-content\/uploads\/2018\/07\/002.jpg\" data-elementor-open-lightbox=\"yes\" data-elementor-lightbox-title=\"002\" data-e-action-hash=\"#elementor-action%3Aaction%3Dlightbox%26settings%3DeyJpZCI6NDYwODMsInVybCI6Imh0dHBzOlwvXC93d3cucmVnaW9uLXNjaHdhYmFjaC5kZVwvd29yZHByZXNzXC93cC1jb250ZW50XC91cGxvYWRzXC8yMDE4XC8wN1wvMDAyLmpwZyJ9\">\n\t\t\t\t\t\t\t<img loading=\"lazy\" decoding=\"async\" width=\"678\" height=\"381\" src=\"https:\/\/www.region-schwabach.de\/wordpress\/wp-content\/uploads\/2018\/07\/002-678x381.jpg\" class=\"attachment-mh-magazine-content size-mh-magazine-content wp-image-46083\" alt=\"\" \/>\t\t\t\t\t\t\t\t<\/a>\n\t\t\t\t\t\t\t\t\t\t\t<figcaption class=\"widget-image-caption wp-caption-text\">Limbacher Kirchweih Bild 2<\/figcaption>\n\t\t\t\t\t\t\t\t\t\t<\/figure>\n\t\t\t\t\t\t\t<\/div>\n\t\t\t\t<\/div>\n\t\t\t\t\t<\/div>\n\t\t<\/div>\n\t\t\t\t\t<\/div>\n\t\t<\/section>\n\t\t\t\t<section class=\"elementor-section elementor-top-section elementor-element elementor-element-4449c1a elementor-section-boxed elementor-section-height-default elementor-section-height-default\" data-id=\"4449c1a\" data-element_type=\"section\">\n\t\t\t\t\t\t<div class=\"elementor-container elementor-column-gap-default\">\n\t\t\t\t\t<div class=\"elementor-column elementor-col-50 elementor-top-column elementor-element elementor-element-18f5755\" data-id=\"18f5755\" data-element_type=\"column\">\n\t\t\t<div class=\"elementor-widget-wrap elementor-element-populated\">\n\t\t\t\t\t\t<div class=\"elementor-element elementor-element-dc66cf9 elementor-widget elementor-widget-image\" data-id=\"dc66cf9\" data-element_type=\"widget\" data-widget_type=\"image.default\">\n\t\t\t\t<div class=\"elementor-widget-container\">\n\t\t\t\t\t\t\t\t\t\t<figure class=\"wp-caption\">\n\t\t\t\t\t\t\t\t\t\t\t<a href=\"http:\/\/www.region-schwabach.de\/wordpress\/wp-content\/uploads\/2018\/07\/006.jpg\" data-elementor-open-lightbox=\"yes\" data-elementor-lightbox-title=\"006\" data-e-action-hash=\"#elementor-action%3Aaction%3Dlightbox%26settings%3DeyJpZCI6NDYwODQsInVybCI6Imh0dHBzOlwvXC93d3cucmVnaW9uLXNjaHdhYmFjaC5kZVwvd29yZHByZXNzXC93cC1jb250ZW50XC91cGxvYWRzXC8yMDE4XC8wN1wvMDA2LmpwZyJ9\">\n\t\t\t\t\t\t\t<img loading=\"lazy\" decoding=\"async\" width=\"678\" height=\"381\" src=\"https:\/\/www.region-schwabach.de\/wordpress\/wp-content\/uploads\/2018\/07\/006-678x381.jpg\" class=\"attachment-mh-magazine-content size-mh-magazine-content wp-image-46084\" alt=\"\" \/>\t\t\t\t\t\t\t\t<\/a>\n\t\t\t\t\t\t\t\t\t\t\t<figcaption class=\"widget-image-caption wp-caption-text\">Limbacher Kirchweih Bild 3<\/figcaption>\n\t\t\t\t\t\t\t\t\t\t<\/figure>\n\t\t\t\t\t\t\t<\/div>\n\t\t\t\t<\/div>\n\t\t\t\t\t<\/div>\n\t\t<\/div>\n\t\t\t\t<div class=\"elementor-column elementor-col-50 elementor-top-column elementor-element elementor-element-a8859ab\" data-id=\"a8859ab\" data-element_type=\"column\">\n\t\t\t<div class=\"elementor-widget-wrap elementor-element-populated\">\n\t\t\t\t\t\t<div class=\"elementor-element elementor-element-5510f70 elementor-widget elementor-widget-image\" data-id=\"5510f70\" data-element_type=\"widget\" data-widget_type=\"image.default\">\n\t\t\t\t<div class=\"elementor-widget-container\">\n\t\t\t\t\t\t\t\t\t\t<figure class=\"wp-caption\">\n\t\t\t\t\t\t\t\t\t\t\t<a href=\"http:\/\/www.region-schwabach.de\/wordpress\/wp-content\/uploads\/2018\/07\/007.jpg\" data-elementor-open-lightbox=\"yes\" data-elementor-lightbox-title=\"007\" data-e-action-hash=\"#elementor-action%3Aaction%3Dlightbox%26settings%3DeyJpZCI6NDYwODUsInVybCI6Imh0dHBzOlwvXC93d3cucmVnaW9uLXNjaHdhYmFjaC5kZVwvd29yZHByZXNzXC93cC1jb250ZW50XC91cGxvYWRzXC8yMDE4XC8wN1wvMDA3LmpwZyJ9\">\n\t\t\t\t\t\t\t<img loading=\"lazy\" decoding=\"async\" width=\"678\" height=\"381\" src=\"https:\/\/www.region-schwabach.de\/wordpress\/wp-content\/uploads\/2018\/07\/007-678x381.jpg\" class=\"attachment-mh-magazine-content size-mh-magazine-content wp-image-46085\" alt=\"\" \/>\t\t\t\t\t\t\t\t<\/a>\n\t\t\t\t\t\t\t\t\t\t\t<figcaption class=\"widget-image-caption wp-caption-text\">Limbacher Kirchweih Bild 4<\/figcaption>\n\t\t\t\t\t\t\t\t\t\t<\/figure>\n\t\t\t\t\t\t\t<\/div>\n\t\t\t\t<\/div>\n\t\t\t\t\t<\/div>\n\t\t<\/div>\n\t\t\t\t\t<\/div>\n\t\t<\/section>\n\t\t\t\t<section class=\"elementor-section elementor-top-section elementor-element elementor-element-4fbf223 elementor-section-boxed elementor-section-height-default elementor-section-height-default\" data-id=\"4fbf223\" data-element_type=\"section\">\n\t\t\t\t\t\t<div class=\"elementor-container elementor-column-gap-default\">\n\t\t\t\t\t<div class=\"elementor-column elementor-col-50 elementor-top-column elementor-element elementor-element-b0e4370\" data-id=\"b0e4370\" data-element_type=\"column\">\n\t\t\t<div class=\"elementor-widget-wrap elementor-element-populated\">\n\t\t\t\t\t\t<div class=\"elementor-element elementor-element-bc5aab9 elementor-widget elementor-widget-image\" data-id=\"bc5aab9\" data-element_type=\"widget\" data-widget_type=\"image.default\">\n\t\t\t\t<div class=\"elementor-widget-container\">\n\t\t\t\t\t\t\t\t\t\t<figure class=\"wp-caption\">\n\t\t\t\t\t\t\t\t\t\t\t<a href=\"http:\/\/www.region-schwabach.de\/wordpress\/wp-content\/uploads\/2018\/07\/008.jpg\" data-elementor-open-lightbox=\"yes\" data-elementor-lightbox-title=\"008\" data-e-action-hash=\"#elementor-action%3Aaction%3Dlightbox%26settings%3DeyJpZCI6NDYwODgsInVybCI6Imh0dHBzOlwvXC93d3cucmVnaW9uLXNjaHdhYmFjaC5kZVwvd29yZHByZXNzXC93cC1jb250ZW50XC91cGxvYWRzXC8yMDE4XC8wN1wvMDA4LmpwZyJ9\">\n\t\t\t\t\t\t\t<img loading=\"lazy\" decoding=\"async\" width=\"678\" height=\"381\" src=\"https:\/\/www.region-schwabach.de\/wordpress\/wp-content\/uploads\/2018\/07\/008-678x381.jpg\" class=\"attachment-mh-magazine-content size-mh-magazine-content wp-image-46088\" alt=\"\" \/>\t\t\t\t\t\t\t\t<\/a>\n\t\t\t\t\t\t\t\t\t\t\t<figcaption class=\"widget-image-caption wp-caption-text\">Limbacher Kirchweih Bild 3<\/figcaption>\n\t\t\t\t\t\t\t\t\t\t<\/figure>\n\t\t\t\t\t\t\t<\/div>\n\t\t\t\t<\/div>\n\t\t\t\t\t<\/div>\n\t\t<\/div>\n\t\t\t\t<div class=\"elementor-column elementor-col-50 elementor-top-column elementor-element elementor-element-7d536bd\" data-id=\"7d536bd\" data-element_type=\"column\">\n\t\t\t<div class=\"elementor-widget-wrap elementor-element-populated\">\n\t\t\t\t\t\t<div class=\"elementor-element elementor-element-2ff208d elementor-widget elementor-widget-image\" data-id=\"2ff208d\" data-element_type=\"widget\" data-widget_type=\"image.default\">\n\t\t\t\t<div class=\"elementor-widget-container\">\n\t\t\t\t\t\t\t\t\t\t<figure class=\"wp-caption\">\n\t\t\t\t\t\t\t\t\t\t\t<a href=\"http:\/\/www.region-schwabach.de\/wordpress\/wp-content\/uploads\/2018\/07\/Bild30.jpg\" data-elementor-open-lightbox=\"yes\" data-elementor-lightbox-title=\"Bild30\" data-e-action-hash=\"#elementor-action%3Aaction%3Dlightbox%26settings%3DeyJpZCI6NDYwODksInVybCI6Imh0dHBzOlwvXC93d3cucmVnaW9uLXNjaHdhYmFjaC5kZVwvd29yZHByZXNzXC93cC1jb250ZW50XC91cGxvYWRzXC8yMDE4XC8wN1wvQmlsZDMwLmpwZyJ9\">\n\t\t\t\t\t\t\t<img loading=\"lazy\" decoding=\"async\" width=\"678\" height=\"381\" src=\"https:\/\/www.region-schwabach.de\/wordpress\/wp-content\/uploads\/2018\/07\/Bild30-678x381.jpg\" class=\"attachment-mh-magazine-content size-mh-magazine-content wp-image-46089\" alt=\"\" \/>\t\t\t\t\t\t\t\t<\/a>\n\t\t\t\t\t\t\t\t\t\t\t<figcaption class=\"widget-image-caption wp-caption-text\">Limbacher Kirchweih Bild 4<\/figcaption>\n\t\t\t\t\t\t\t\t\t\t<\/figure>\n\t\t\t\t\t\t\t<\/div>\n\t\t\t\t<\/div>\n\t\t\t\t\t<\/div>\n\t\t<\/div>\n\t\t\t\t\t<\/div>\n\t\t<\/section>\n\t\t\t\t<section class=\"elementor-section elementor-top-section elementor-element elementor-element-5f4c4b2 elementor-section-boxed elementor-section-height-default elementor-section-height-default\" data-id=\"5f4c4b2\" data-element_type=\"section\">\n\t\t\t\t\t\t<div class=\"elementor-container elementor-column-gap-default\">\n\t\t\t\t\t<div class=\"elementor-column elementor-col-100 elementor-top-column elementor-element elementor-element-90407ae\" data-id=\"90407ae\" data-element_type=\"column\">\n\t\t\t<div class=\"elementor-widget-wrap elementor-element-populated\">\n\t\t\t\t\t\t<div class=\"elementor-element elementor-element-7f7576a elementor-widget elementor-widget-image\" data-id=\"7f7576a\" data-element_type=\"widget\" data-widget_type=\"image.default\">\n\t\t\t\t<div class=\"elementor-widget-container\">\n\t\t\t\t\t\t\t\t\t\t<figure class=\"wp-caption\">\n\t\t\t\t\t\t\t\t\t\t\t<a href=\"http:\/\/www.region-schwabach.de\/wordpress\/wp-content\/uploads\/2019\/07\/limbach-kaerwa-2019.jpg\" data-elementor-open-lightbox=\"yes\" data-elementor-lightbox-title=\"limbach-kaerwa-2019\" data-e-action-hash=\"#elementor-action%3Aaction%3Dlightbox%26settings%3DeyJpZCI6OTY5MzMsInVybCI6Imh0dHBzOlwvXC93d3cucmVnaW9uLXNjaHdhYmFjaC5kZVwvd29yZHByZXNzXC93cC1jb250ZW50XC91cGxvYWRzXC8yMDE5XC8wN1wvbGltYmFjaC1rYWVyd2EtMjAxOS5qcGcifQ%3D%3D\">\n\t\t\t\t\t\t\t<img loading=\"lazy\" decoding=\"async\" width=\"679\" height=\"960\" src=\"https:\/\/www.region-schwabach.de\/wordpress\/wp-content\/uploads\/2019\/07\/limbach-kaerwa-2019.jpg\" class=\"attachment-full size-full wp-image-96933\" alt=\"\" srcset=\"https:\/\/www.region-schwabach.de\/wordpress\/wp-content\/uploads\/2019\/07\/limbach-kaerwa-2019.jpg 679w, https:\/\/www.region-schwabach.de\/wordpress\/wp-content\/uploads\/2019\/07\/limbach-kaerwa-2019-212x300.jpg 212w\" sizes=\"(max-width: 679px) 100vw, 679px\" \/>\t\t\t\t\t\t\t\t<\/a>\n\t\t\t\t\t\t\t\t\t\t\t<figcaption class=\"widget-image-caption wp-caption-text\">Limbacher Kirchweih (Plakat)<\/figcaption>\n\t\t\t\t\t\t\t\t\t\t<\/figure>\n\t\t\t\t\t\t\t<\/div>\n\t\t\t\t<\/div>\n\t\t\t\t\t<\/div>\n\t\t<\/div>\n\t\t\t\t\t<\/div>\n\t\t<\/section>\n\t\t\t\t<\/div>\n\t\t","protected":false},"excerpt":{"rendered":"<div class=\"mh-excerpt\"><p>Limbacher K\u00e4rwa (37 Jahre Brauchtum) Die Limbacher K\u00e4rwa findet dieses Jahr von Donnerstag, den 01.08.2019, bis Montag, den 05.08.2018 auf dem Festplatz in Limbach statt.\u00a0 Programm Donnerstag, den 1. August 2019 19.30 Uhr: Rocknacht mit <a class=\"mh-excerpt-more\" href=\"https:\/\/www.region-schwabach.de\/wordpress\/karwa-in-limbach-vom-1-august-2019-5-august-2019\/\" title=\"K\u00e4rwa in Limbach vom 1. August 2019 &#8211; 5. August 2019\">[&#8230;]<\/a><\/p>\n<\/div>","protected":false},"author":1,"featured_media":46080,"comment_status":"open","ping_status":"open","sticky":false,"template":"","format":"standard","meta":{"_cbd_carousel_blocks":"[]","footnotes":""},"categories":[16,1,287,231],"tags":[10168,10165,10169,10170,10171,3930,4027,210,19],"class_list":{"0":"post-96927","1":"post","2":"type-post","3":"status-publish","4":"format-standard","5":"has-post-thumbnail","7":"category-aktuell","8":"category-allgemein","9":"category-jugend-und-familie","10":"category-veranstaltungsnews","11":"tag-01-08-2019","12":"tag-02-08-2019","13":"tag-03-08-2019","14":"tag-04-08-2019","15":"tag-05-08-2019","16":"tag-festplatz","17":"tag-kirchweih","18":"tag-limbach","19":"tag-schwabach"},"_links":{"self":[{"href":"https:\/\/www.region-schwabach.de\/wordpress\/wp-json\/wp\/v2\/posts\/96927","targetHints":{"allow":["GET"]}}],"collection":[{"href":"https:\/\/www.region-schwabach.de\/wordpress\/wp-json\/wp\/v2\/posts"}],"about":[{"href":"https:\/\/www.region-schwabach.de\/wordpress\/wp-json\/wp\/v2\/types\/post"}],"author":[{"embeddable":true,"href":"https:\/\/www.region-schwabach.de\/wordpress\/wp-json\/wp\/v2\/users\/1"}],"replies":[{"embeddable":true,"href":"https:\/\/www.region-schwabach.de\/wordpress\/wp-json\/wp\/v2\/comments?post=96927"}],"version-history":[{"count":0,"href":"https:\/\/www.region-schwabach.de\/wordpress\/wp-json\/wp\/v2\/posts\/96927\/revisions"}],"wp:featuredmedia":[{"embeddable":true,"href":"https:\/\/www.region-schwabach.de\/wordpress\/wp-json\/wp\/v2\/media\/46080"}],"wp:attachment":[{"href":"https:\/\/www.region-schwabach.de\/wordpress\/wp-json\/wp\/v2\/media?parent=96927"}],"wp:term":[{"taxonomy":"category","embeddable":true,"href":"https:\/\/www.region-schwabach.de\/wordpress\/wp-json\/wp\/v2\/categories?post=96927"},{"taxonomy":"post_tag","embeddable":true,"href":"https:\/\/www.region-schwabach.de\/wordpress\/wp-json\/wp\/v2\/tags?post=96927"}],"curies":[{"name":"wp","href":"https:\/\/api.w.org\/{rel}","templated":true}]}}