{"id":96979,"date":"2019-08-02T00:15:15","date_gmt":"2019-08-01T22:15:15","guid":{"rendered":"http:\/\/www.region-schwabach.de\/wordpress\/?p=96979"},"modified":"2019-08-02T01:28:56","modified_gmt":"2019-08-01T23:28:56","slug":"sommerakademie-2019-der-vhs-des-ebw-und-des-keb","status":"publish","type":"post","link":"https:\/\/www.region-schwabach.de\/wordpress\/sommerakademie-2019-der-vhs-des-ebw-und-des-keb\/","title":{"rendered":"Sommerakademie 2019 der vhs, des EBW und des KEB"},"content":{"rendered":"\t\t<div data-elementor-type=\"wp-post\" data-elementor-id=\"96979\" class=\"elementor elementor-96979\">\n\t\t\t\t\t\t<section class=\"elementor-section elementor-top-section elementor-element elementor-element-678181b elementor-section-boxed elementor-section-height-default elementor-section-height-default\" data-id=\"678181b\" data-element_type=\"section\">\n\t\t\t\t\t\t<div class=\"elementor-container elementor-column-gap-default\">\n\t\t\t\t\t<div class=\"elementor-column elementor-col-50 elementor-top-column elementor-element elementor-element-6b34026\" data-id=\"6b34026\" data-element_type=\"column\">\n\t\t\t<div class=\"elementor-widget-wrap elementor-element-populated\">\n\t\t\t\t\t\t<div class=\"elementor-element elementor-element-ae077db elementor-widget elementor-widget-wp-widget-advads_ad_widget\" data-id=\"ae077db\" data-element_type=\"widget\" data-widget_type=\"wp-widget-advads_ad_widget.default\">\n\t\t\t\t<div class=\"elementor-widget-container\">\n\t\t\t<div id=\"regio-322419854\"><div class=\"regio-adlabel\">Werbung<\/div><!-- Beginn https:\/\/www.financeads.net\/-Code --><a href=\"https:\/\/www.financeads.net\/tc.php?t=36648C19118058B\" target=\"_blank\"><img fetchpriority=\"high\" decoding=\"async\" src=\"https:\/\/www.financeads.net\/tb.php?t=36648V19118058B&https=1\" alt=\"\" border=\"0\" width=\"728\" height=\"90\"><\/a><!-- Ende https:\/\/www.financeads.net\/-Code --><\/div>\t\t<\/div>\n\t\t\t\t<\/div>\n\t\t\t\t<div class=\"elementor-element elementor-element-443ab98 elementor-widget elementor-widget-text-editor\" data-id=\"443ab98\" data-element_type=\"widget\" data-widget_type=\"text-editor.default\">\n\t\t\t\t<div class=\"elementor-widget-container\">\n\t\t\t\t\t\t\t<h3>vhs, EBW und KEB gemeinsam:<br \/>Sommerakademie f\u00fcr Daheimgebliebene<\/h3><h3><strong>Ab Samstag, 27. Juli 2019:<\/strong><\/h3><p><span style=\"font-size: 12pt;\">Mit der \u201eSommerakademie 2019\u201c gibt es auch heuer wieder ein Bildungsprogramm f\u00fcr alle Daheimgebliebenen: Gemeinsam bieten das Evangelische Bildungswerk Schwabach (EBW), die Katholische Erwachsenenbildung Roth-Schwabach (KEB) und die Volkshochschule Schwabach (vhs) vom 27. Juli bis zum 24. August wieder ein frisches, entspannendes, spirituelles und informatives Kursangebot zum Schnuppern.<\/span><\/p><p><span style=\"font-size: 12pt;\">Ob Haka-Tanz der Maori, Jazzworkshop, Bibel im Biergarten, Waldbaden, Kr\u00e4uterf\u00fchrungen oder Faszien-Yoga &#8211; f\u00fcr jeden Geschmack wird etwas geboten. Auch rund um die Kunstbiennale ORTUNG XI sind Begleitveranstaltungen im Programm, zum Beispiel eine Kunstf\u00fchrung im Sitzen.<\/span><\/p><p><span style=\"font-size: 12pt;\">Allen Angeboten ist gemeinsam, dass sie kurz und kompakt sind. So kann man neue M\u00f6glichkeiten der Freizeitbesch\u00e4ftigung entdecken. Bei weiterem Interesse findet sich dann im Herbst in den regul\u00e4ren Kursprogrammen der Kooperations-Partner auch eine M\u00f6glichkeit zum Weitermachen und Vertiefen.<\/span><\/p><p><span style=\"font-size: 12pt;\">Das gesamte Programm der Sommerakademie ist als Beilage im aktuellen Kursprogramm der vhs enthalten und liegt in der Gesch\u00e4ftsstelle am K\u00f6nigsplatz 29a oder im B\u00fcrgerb\u00fcro aus. Als gesondertes Programmblatt ist es auch im Evangelischen Haus in der Wittelsbacher Stra\u00dfe 4 oder im Dekanatsb\u00fcro Roth-Schwabach, Werkvolkstra\u00dfe 16, erh\u00e4ltlich.\u00a0Online sind alle Kurse zu finden unter www.ebw-schwabach.de oder www.vhs.schwabach.de.<\/span><\/p><p><span style=\"font-size: 12pt;\">Aus organisatorischen Gr\u00fcnden wird die Online-Anmeldung f\u00fcr die Angebote der Katholischen Erwachsenenbildung \u00fcber die Website der Volkshochschule abgewickelt.<\/span><\/p><h3>Weiterf\u00fchrende Links:<\/h3><p><a href=\"https:\/\/www.vhs.schwabach.de\/sommerakademie\/bereich\/kategorien\/kategorie\/Sommerakademie\/kat\/352\/\" target=\"_blank\" rel=\"noopener\"><span style=\"font-size: 12pt;\">Das Programm der Sommerakademie gibt es hier &#8230;<\/span><\/a><\/p><p><span style=\"font-size: 12pt;\"><a href=\"https:\/\/www.vhs.schwabach.de\/\" target=\"_blank\" rel=\"noopener\">Zur Startseite der vhs Schwabach geht&#8217;s hier &#8230;<\/a><\/span><\/p><p><span style=\"font-size: 12pt;\"><a href=\"https:\/\/www.ebw-schwabach.de\/\" target=\"_blank\" rel=\"noopener\">Die Homepage des Evangelischen Bidlungswerks ist hier zu finden &#8230;<\/a><\/span><\/p><p><span style=\"font-size: 12pt;\"><a href=\"https:\/\/www.keb-roth-schwabach.de\/index.php?id=27\" target=\"_blank\" rel=\"noopener\">Zum Internetauftritt der Katholischen Erwachsenenbildung geht es hier &#8230;<\/a><\/span><\/p>\t\t\t\t\t\t<\/div>\n\t\t\t\t<\/div>\n\t\t\t\t<div class=\"elementor-element elementor-element-2e07568 elementor-widget-divider--view-line elementor-widget elementor-widget-divider\" data-id=\"2e07568\" data-element_type=\"widget\" data-widget_type=\"divider.default\">\n\t\t\t\t<div class=\"elementor-widget-container\">\n\t\t\t\t\t<div class=\"elementor-divider\">\n\t\t\t<span class=\"elementor-divider-separator\">\n\t\t\t\t\t\t<\/span>\n\t\t<\/div>\n\t\t\t\t<\/div>\n\t\t\t\t<\/div>\n\t\t\t\t<div class=\"elementor-element elementor-element-a6b86d7 elementor-widget elementor-widget-google_maps\" data-id=\"a6b86d7\" data-element_type=\"widget\" data-widget_type=\"google_maps.default\">\n\t\t\t\t<div class=\"elementor-widget-container\">\n\t\t\t\t\t<div class=\"elementor-custom-embed\">\n\t\t\t<iframe loading=\"lazy\"\n\t\t\t\t\tsrc=\"https:\/\/maps.google.com\/maps?q=K%C3%B6nigsplatz%2029a%2C%20Schwabach%2C%20Deutschland&#038;t=m&#038;z=17&#038;output=embed&#038;iwloc=near\"\n\t\t\t\t\ttitle=\"K\u00f6nigsplatz 29a, Schwabach, Deutschland\"\n\t\t\t\t\taria-label=\"K\u00f6nigsplatz 29a, Schwabach, Deutschland\"\n\t\t\t><\/iframe>\n\t\t<\/div>\n\t\t\t\t<\/div>\n\t\t\t\t<\/div>\n\t\t\t\t<div class=\"elementor-element elementor-element-68e3cc7 elementor-widget elementor-widget-google_maps\" data-id=\"68e3cc7\" data-element_type=\"widget\" data-widget_type=\"google_maps.default\">\n\t\t\t\t<div class=\"elementor-widget-container\">\n\t\t\t\t\t<div class=\"elementor-custom-embed\">\n\t\t\t<iframe loading=\"lazy\"\n\t\t\t\t\tsrc=\"https:\/\/maps.google.com\/maps?q=Wittelsbacher%20Sstra%C3%9Fe%204%2C%20Schwabach%2C%20Deutschland&#038;t=m&#038;z=17&#038;output=embed&#038;iwloc=near\"\n\t\t\t\t\ttitle=\"Wittelsbacher Sstra\u00dfe 4, Schwabach, Deutschland\"\n\t\t\t\t\taria-label=\"Wittelsbacher Sstra\u00dfe 4, Schwabach, Deutschland\"\n\t\t\t><\/iframe>\n\t\t<\/div>\n\t\t\t\t<\/div>\n\t\t\t\t<\/div>\n\t\t\t\t\t<\/div>\n\t\t<\/div>\n\t\t\t\t<div class=\"elementor-column elementor-col-50 elementor-top-column elementor-element elementor-element-16370b7\" data-id=\"16370b7\" data-element_type=\"column\">\n\t\t\t<div class=\"elementor-widget-wrap elementor-element-populated\">\n\t\t\t\t\t\t<div class=\"elementor-element elementor-element-ea4181d elementor-widget elementor-widget-heading\" data-id=\"ea4181d\" data-element_type=\"widget\" data-widget_type=\"heading.default\">\n\t\t\t\t<div class=\"elementor-widget-container\">\n\t\t\t<h3 class=\"elementor-heading-title elementor-size-default\">Schnell vergleichen und sparen!<\/h3>\t\t<\/div>\n\t\t\t\t<\/div>\n\t\t\t\t<div class=\"elementor-element elementor-element-638cb13 elementor-widget elementor-widget-wp-widget-advads_ad_widget\" data-id=\"638cb13\" data-element_type=\"widget\" data-widget_type=\"wp-widget-advads_ad_widget.default\">\n\t\t\t\t<div class=\"elementor-widget-container\">\n\t\t\t<div id=\"regio-1943462230\"><div class=\"regio-adlabel\">Werbung<\/div><!-- Beginn https:\/\/www.financeads.net\/-Code --><a href=\"https:\/\/www.financeads.net\/tc.php?t=36648C236142529B\" target=\"_blank\"><img decoding=\"async\" src=\"https:\/\/www.financeads.net\/tb.php?t=36648V236142529B&https=1\" alt=\"\" border=\"0\" width=\"300\" height=\"250\"><\/a><!-- Ende https:\/\/www.financeads.net\/-Code --><\/div>\t\t<\/div>\n\t\t\t\t<\/div>\n\t\t\t\t<div class=\"elementor-element elementor-element-2dc64f4 elementor-widget elementor-widget-wp-widget-advads_ad_widget\" data-id=\"2dc64f4\" data-element_type=\"widget\" data-widget_type=\"wp-widget-advads_ad_widget.default\">\n\t\t\t\t<div class=\"elementor-widget-container\">\n\t\t\t<div id=\"regio-2053802451\"><div class=\"regio-adlabel\">Werbung<\/div><!-- Beginn https:\/\/www.financeads.net\/-Code --><a href=\"https:\/\/www.financeads.net\/tc.php?t=36648C42614510B\" target=\"_blank\"><img decoding=\"async\" src=\"https:\/\/www.financeads.net\/tb.php?t=36648V42614510B&https=1\" alt=\"\" border=\"0\" width=\"200\" height=\"300\"><\/a><!-- Ende https:\/\/www.financeads.net\/-Code --><\/div>\t\t<\/div>\n\t\t\t\t<\/div>\n\t\t\t\t<div class=\"elementor-element elementor-element-78b4b55 elementor-widget elementor-widget-wp-widget-advads_ad_widget\" data-id=\"78b4b55\" data-element_type=\"widget\" data-widget_type=\"wp-widget-advads_ad_widget.default\">\n\t\t\t\t<div class=\"elementor-widget-container\">\n\t\t\t<div id=\"regio-3716037965\"><div class=\"regio-adlabel\">Werbung<\/div><!-- Beginn https:\/\/www.financeads.net\/-Code --><a href=\"https:\/\/www.financeads.net\/tc.php?t=36648C205040072B\" target=\"_blank\"><img loading=\"lazy\" decoding=\"async\" src=\"https:\/\/www.financeads.net\/tb.php?t=36648V205040072B&https=1\" alt=\"\" border=\"0\" width=\"300\" height=\"250\"><\/a><!-- Ende https:\/\/www.financeads.net\/-Code --><\/div>\t\t<\/div>\n\t\t\t\t<\/div>\n\t\t\t\t<div class=\"elementor-element elementor-element-9e4a66f elementor-widget elementor-widget-wp-widget-advads_ad_widget\" data-id=\"9e4a66f\" data-element_type=\"widget\" data-widget_type=\"wp-widget-advads_ad_widget.default\">\n\t\t\t\t<div class=\"elementor-widget-container\">\n\t\t\t<div id=\"regio-358232098\"><div class=\"regio-adlabel\">Werbung<\/div><!-- Beginn https:\/\/www.financeads.net\/-Code --><a href=\"https:\/\/www.financeads.net\/tc.php?t=36648C271460142B\" target=\"_blank\"><img loading=\"lazy\" decoding=\"async\" src=\"https:\/\/www.financeads.net\/tb.php?t=36648V271460142B&https=1\" alt=\"PETPROTECT_Hund&Katze_Banner\" border=\"0\" width=\"250\" height=\"250\"><\/a><!-- Ende https:\/\/www.financeads.net\/-Code --><\/div>\t\t<\/div>\n\t\t\t\t<\/div>\n\t\t\t\t\t<\/div>\n\t\t<\/div>\n\t\t\t\t\t<\/div>\n\t\t<\/section>\n\t\t\t\t<\/div>\n\t\t","protected":false},"excerpt":{"rendered":"<div class=\"mh-excerpt\"><p>vhs, EBW und KEB gemeinsam: Sommerakademie f\u00fcr Daheimgebliebene Ab Samstag, 27. Juli 2019: Mit der \u201eSommerakademie 2019\u201c gibt es auch heuer wieder ein Bildungsprogramm f\u00fcr alle Daheimgebliebenen: Gemeinsam bieten das Evangelische Bildungswerk Schwabach (EBW), die <a class=\"mh-excerpt-more\" href=\"https:\/\/www.region-schwabach.de\/wordpress\/sommerakademie-2019-der-vhs-des-ebw-und-des-keb\/\" title=\"Sommerakademie 2019 der vhs, des EBW und des KEB\">[&#8230;]<\/a><\/p>\n<\/div>","protected":false},"author":1,"featured_media":96984,"comment_status":"open","ping_status":"open","sticky":false,"template":"","format":"standard","meta":{"_cbd_carousel_blocks":"[]","footnotes":""},"categories":[16,1,287,61,231],"tags":[6887,10188,10186,10190,10187,10189,522,1480,19,5195,1281,73,649],"class_list":{"0":"post-96979","1":"post","2":"type-post","3":"status-publish","4":"format-standard","5":"has-post-thumbnail","7":"category-aktuell","8":"category-allgemein","9":"category-jugend-und-familie","10":"category-rathaus","11":"category-veranstaltungsnews","12":"tag-august-2019","13":"tag-ebw","14":"tag-evangelisches-bildungswerk","15":"tag-juli-2019","16":"tag-katholische-erwachsenenbildung","17":"tag-keb","18":"tag-koenigsplatz","19":"tag-rathaus","20":"tag-schwabach","21":"tag-sommerakademie","22":"tag-vhs","23":"tag-volkshochschule","24":"tag-wittelsbacher-strasse"},"_links":{"self":[{"href":"https:\/\/www.region-schwabach.de\/wordpress\/wp-json\/wp\/v2\/posts\/96979","targetHints":{"allow":["GET"]}}],"collection":[{"href":"https:\/\/www.region-schwabach.de\/wordpress\/wp-json\/wp\/v2\/posts"}],"about":[{"href":"https:\/\/www.region-schwabach.de\/wordpress\/wp-json\/wp\/v2\/types\/post"}],"author":[{"embeddable":true,"href":"https:\/\/www.region-schwabach.de\/wordpress\/wp-json\/wp\/v2\/users\/1"}],"replies":[{"embeddable":true,"href":"https:\/\/www.region-schwabach.de\/wordpress\/wp-json\/wp\/v2\/comments?post=96979"}],"version-history":[{"count":0,"href":"https:\/\/www.region-schwabach.de\/wordpress\/wp-json\/wp\/v2\/posts\/96979\/revisions"}],"wp:featuredmedia":[{"embeddable":true,"href":"https:\/\/www.region-schwabach.de\/wordpress\/wp-json\/wp\/v2\/media\/96984"}],"wp:attachment":[{"href":"https:\/\/www.region-schwabach.de\/wordpress\/wp-json\/wp\/v2\/media?parent=96979"}],"wp:term":[{"taxonomy":"category","embeddable":true,"href":"https:\/\/www.region-schwabach.de\/wordpress\/wp-json\/wp\/v2\/categories?post=96979"},{"taxonomy":"post_tag","embeddable":true,"href":"https:\/\/www.region-schwabach.de\/wordpress\/wp-json\/wp\/v2\/tags?post=96979"}],"curies":[{"name":"wp","href":"https:\/\/api.w.org\/{rel}","templated":true}]}}