{"id":97401,"date":"2019-08-13T13:33:42","date_gmt":"2019-08-13T11:33:42","guid":{"rendered":"http:\/\/www.region-schwabach.de\/wordpress\/?p=97401"},"modified":"2019-08-13T13:31:54","modified_gmt":"2019-08-13T11:31:54","slug":"nachtliche-sperrungen-auf-der-a6-zwischen-schwabach-west-und-schwabach-sud","status":"publish","type":"post","link":"https:\/\/www.region-schwabach.de\/wordpress\/nachtliche-sperrungen-auf-der-a6-zwischen-schwabach-west-und-schwabach-sud\/","title":{"rendered":"N\u00e4chtliche Sperrungen auf der A6 zwischen Schwabach-West und Schwabach-S\u00fcd"},"content":{"rendered":"\t\t<div data-elementor-type=\"wp-post\" data-elementor-id=\"97401\" class=\"elementor elementor-97401\">\n\t\t\t\t\t\t<section class=\"elementor-section elementor-top-section elementor-element elementor-element-1dzeyuh elementor-section-boxed elementor-section-height-default elementor-section-height-default\" data-id=\"1dzeyuh\" data-element_type=\"section\">\n\t\t\t\t\t\t<div class=\"elementor-container elementor-column-gap-default\">\n\t\t\t\t\t<div class=\"elementor-column elementor-col-50 elementor-top-column elementor-element elementor-element-aam59ft\" data-id=\"aam59ft\" data-element_type=\"column\">\n\t\t\t<div class=\"elementor-widget-wrap elementor-element-populated\">\n\t\t\t\t\t\t<div class=\"elementor-element elementor-element-1821d0c elementor-widget elementor-widget-wp-widget-advads_ad_widget\" data-id=\"1821d0c\" data-element_type=\"widget\" data-widget_type=\"wp-widget-advads_ad_widget.default\">\n\t\t\t\t<div class=\"elementor-widget-container\">\n\t\t\t<div id=\"regio-4293436426\"><div class=\"regio-adlabel\">Werbung<\/div><!-- Beginn https:\/\/www.financeads.net\/-Code --><a href=\"https:\/\/www.financeads.net\/tc.php?t=36648C19118058B\" target=\"_blank\"><img fetchpriority=\"high\" decoding=\"async\" src=\"https:\/\/www.financeads.net\/tb.php?t=36648V19118058B&https=1\" alt=\"\" border=\"0\" width=\"728\" height=\"90\"><\/a><!-- Ende https:\/\/www.financeads.net\/-Code --><\/div>\t\t<\/div>\n\t\t\t\t<\/div>\n\t\t\t\t<div class=\"elementor-element elementor-element-k9p1oyc elementor-widget elementor-widget-text-editor\" data-id=\"k9p1oyc\" data-element_type=\"widget\" data-widget_type=\"text-editor.default\">\n\t\t\t\t<div class=\"elementor-widget-container\">\n\t\t\t\t\t\t\t<h3>N\u00e4chtliche Sperrungen der A6 zwischen den AS Schwabach-West und Schwabach-S\u00fcd<\/h3><p><span style=\"font-size: 12pt;\">Schwabach &#8211; In den vier N\u00e4chten von Donnerstag, den 08.08.2019, auf Freitag, den 09.08.2019, Sonntag, den 11.08.2019, auf Montag, den 12.08.2019, Montag, den 12.08.2019, auf Dienstag, den 13.08.2019, und von Dienstag, den 13.08.2019, auf Mittwoch, den 14.08.2019, sperrt die Autobahndirektion Nordbayern &#8211; jeweils in der Zeit zwischen ca. 23.00 Uhr und ca. 05.00 Uhr &#8211; die A6 in Fahrtrichtung N\u00fcrnberg zwischen den Anschlussstellen Schwabach-West und Schwabach-S\u00fcd.<\/span><\/p><h3>Neubau der Br\u00fcckenh\u00e4lften \u00fcber B466 f\u00fcr Sperrung verantwortlich<\/h3><p><span style=\"font-size: 12pt;\">Grund f\u00fcr die Sperrungen ist der Neubau der s\u00fcdlichen Br\u00fcckenh\u00e4lften \u00fcber die B466 an der Anschlussstelle Schwabach-West sowie \u00fcber die Bahnlinie N\u00fcrnberg-Treuchtlingen, sowie das Aufbringen von l\u00e4rmminderndem Asphalt zwischen den Anschlussstellen Schwabach-S\u00fcd und Roth und der Bau von L\u00e4rmschutzw\u00e4nde.<\/span><\/p><h3>Aus Sicherheitsgr\u00fcnden gesperrt<\/h3><p><span style=\"font-size: 12pt;\">Da bei den anfallenden Arbeiten Teile des eingesetzten Mobilkrans im Schwenkvorgang in den Verkehrsbereich der Autobahn hineinragen, mu\u00df diese aus Sicherheitsgr\u00fcnden gesperrt werden. Die hierbei zum Einsatz kommenden Br\u00fcckentr\u00e4ger haben eine Gesamtl\u00e4nge von ca. 30 Metern und wiegen ca. 80 Tonnen.<\/span><\/p><h3>Umleitung eingerichtet<\/h3><p><span style=\"font-size: 12pt;\">Die Verkehrsteilnehmer der A6 in Fahrtrichtung N\u00fcrnberg werden an den Anschlussstelle Schwabach-West ausgeleitet und \u00fcber die Umleitungsstrecke U15 gef\u00fchrt.<\/span><\/p>\t\t\t\t\t\t<\/div>\n\t\t\t\t<\/div>\n\t\t\t\t<div class=\"elementor-element elementor-element-982dd46 elementor-widget-divider--view-line elementor-widget elementor-widget-divider\" data-id=\"982dd46\" data-element_type=\"widget\" data-widget_type=\"divider.default\">\n\t\t\t\t<div class=\"elementor-widget-container\">\n\t\t\t\t\t<div class=\"elementor-divider\">\n\t\t\t<span class=\"elementor-divider-separator\">\n\t\t\t\t\t\t<\/span>\n\t\t<\/div>\n\t\t\t\t<\/div>\n\t\t\t\t<\/div>\n\t\t\t\t<div class=\"elementor-element elementor-element-rf47wqh elementor-widget elementor-widget-google_maps\" data-id=\"rf47wqh\" data-element_type=\"widget\" data-widget_type=\"google_maps.default\">\n\t\t\t\t<div class=\"elementor-widget-container\">\n\t\t\t\t\t<div class=\"elementor-custom-embed\">\n\t\t\t<iframe loading=\"lazy\"\n\t\t\t\t\tsrc=\"https:\/\/maps.google.com\/maps?q=49.320961%2C%2011.044444&#038;t=m&#038;z=15&#038;output=embed&#038;iwloc=near\"\n\t\t\t\t\ttitle=\"49.320961, 11.044444\"\n\t\t\t\t\taria-label=\"49.320961, 11.044444\"\n\t\t\t><\/iframe>\n\t\t<\/div>\n\t\t\t\t<\/div>\n\t\t\t\t<\/div>\n\t\t\t\t\t<\/div>\n\t\t<\/div>\n\t\t\t\t<div class=\"elementor-column elementor-col-50 elementor-top-column elementor-element elementor-element-a7eb279\" data-id=\"a7eb279\" data-element_type=\"column\">\n\t\t\t<div class=\"elementor-widget-wrap elementor-element-populated\">\n\t\t\t\t\t\t<div class=\"elementor-element elementor-element-dc7b561 elementor-widget elementor-widget-heading\" data-id=\"dc7b561\" data-element_type=\"widget\" data-widget_type=\"heading.default\">\n\t\t\t\t<div class=\"elementor-widget-container\">\n\t\t\t<h3 class=\"elementor-heading-title elementor-size-default\">Schnell vergleichen und sparen!<\/h3>\t\t<\/div>\n\t\t\t\t<\/div>\n\t\t\t\t<div class=\"elementor-element elementor-element-533a625 elementor-widget elementor-widget-wp-widget-advads_ad_widget\" data-id=\"533a625\" data-element_type=\"widget\" data-widget_type=\"wp-widget-advads_ad_widget.default\">\n\t\t\t\t<div class=\"elementor-widget-container\">\n\t\t\t<div id=\"regio-3632865790\"><div class=\"regio-adlabel\">Werbung<\/div><!-- Beginn https:\/\/www.financeads.net\/-Code --><a href=\"https:\/\/www.financeads.net\/tc.php?t=36648C236142529B\" target=\"_blank\"><img decoding=\"async\" src=\"https:\/\/www.financeads.net\/tb.php?t=36648V236142529B&https=1\" alt=\"\" border=\"0\" width=\"300\" height=\"250\"><\/a><!-- Ende https:\/\/www.financeads.net\/-Code --><\/div>\t\t<\/div>\n\t\t\t\t<\/div>\n\t\t\t\t<div class=\"elementor-element elementor-element-6e7ee3c elementor-widget elementor-widget-wp-widget-advads_ad_widget\" data-id=\"6e7ee3c\" data-element_type=\"widget\" data-widget_type=\"wp-widget-advads_ad_widget.default\">\n\t\t\t\t<div class=\"elementor-widget-container\">\n\t\t\t<div id=\"regio-3423807353\"><div class=\"regio-adlabel\">Werbung<\/div><!-- Beginn https:\/\/www.financeads.net\/-Code --><a href=\"https:\/\/www.financeads.net\/tc.php?t=36648C42614510B\" target=\"_blank\"><img decoding=\"async\" src=\"https:\/\/www.financeads.net\/tb.php?t=36648V42614510B&https=1\" alt=\"\" border=\"0\" width=\"200\" height=\"300\"><\/a><!-- Ende https:\/\/www.financeads.net\/-Code --><\/div>\t\t<\/div>\n\t\t\t\t<\/div>\n\t\t\t\t<div class=\"elementor-element elementor-element-6f0ee5e elementor-widget elementor-widget-wp-widget-advads_ad_widget\" data-id=\"6f0ee5e\" data-element_type=\"widget\" data-widget_type=\"wp-widget-advads_ad_widget.default\">\n\t\t\t\t<div class=\"elementor-widget-container\">\n\t\t\t<div id=\"regio-3728113925\"><div class=\"regio-adlabel\">Werbung<\/div><!-- Beginn https:\/\/www.financeads.net\/-Code --><a href=\"https:\/\/www.financeads.net\/tc.php?t=36648C205040072B\" target=\"_blank\"><img loading=\"lazy\" decoding=\"async\" src=\"https:\/\/www.financeads.net\/tb.php?t=36648V205040072B&https=1\" alt=\"\" border=\"0\" width=\"300\" height=\"250\"><\/a><!-- Ende https:\/\/www.financeads.net\/-Code --><\/div>\t\t<\/div>\n\t\t\t\t<\/div>\n\t\t\t\t<div class=\"elementor-element elementor-element-187cd45 elementor-widget elementor-widget-wp-widget-advads_ad_widget\" data-id=\"187cd45\" data-element_type=\"widget\" data-widget_type=\"wp-widget-advads_ad_widget.default\">\n\t\t\t\t<div class=\"elementor-widget-container\">\n\t\t\t<div id=\"regio-636353629\"><div class=\"regio-adlabel\">Werbung<\/div><!-- Beginn https:\/\/www.financeads.net\/-Code --><a href=\"https:\/\/www.financeads.net\/tc.php?t=36648C271460142B\" target=\"_blank\"><img loading=\"lazy\" decoding=\"async\" src=\"https:\/\/www.financeads.net\/tb.php?t=36648V271460142B&https=1\" alt=\"PETPROTECT_Hund&Katze_Banner\" border=\"0\" width=\"250\" height=\"250\"><\/a><!-- Ende https:\/\/www.financeads.net\/-Code --><\/div>\t\t<\/div>\n\t\t\t\t<\/div>\n\t\t\t\t\t<\/div>\n\t\t<\/div>\n\t\t\t\t\t<\/div>\n\t\t<\/section>\n\t\t\t\t<\/div>\n\t\t","protected":false},"excerpt":{"rendered":"<div class=\"mh-excerpt\"><p>N\u00e4chtliche Sperrungen der A6 zwischen den AS Schwabach-West und Schwabach-S\u00fcd Schwabach &#8211; In den vier N\u00e4chten von Donnerstag, den 08.08.2019, auf Freitag, den 09.08.2019, Sonntag, den 11.08.2019, auf Montag, den 12.08.2019, Montag, den 12.08.2019, auf <a class=\"mh-excerpt-more\" href=\"https:\/\/www.region-schwabach.de\/wordpress\/nachtliche-sperrungen-auf-der-a6-zwischen-schwabach-west-und-schwabach-sud\/\" title=\"N\u00e4chtliche Sperrungen auf der A6 zwischen Schwabach-West und Schwabach-S\u00fcd\">[&#8230;]<\/a><\/p>\n<\/div>","protected":false},"author":1,"featured_media":86792,"comment_status":"open","ping_status":"open","sticky":false,"template":"template-full.php","format":"standard","meta":{"_cbd_carousel_blocks":"[]","footnotes":""},"categories":[16,14],"tags":[10217,10237,10272,10270,10271,10273,613,3962,7478,9071,10277,1458,10276,10278,10275,19,10274,4098,276,939],"class_list":{"0":"post-97401","1":"post","2":"type-post","3":"status-publish","4":"format-standard","5":"has-post-thumbnail","7":"category-aktuell","8":"category-verkehrsinfos","9":"tag-08-08-2019","10":"tag-09-08-2019","11":"tag-11-08-2019","12":"tag-12-08-2019","13":"tag-13-08-2019","14":"tag-14-08-2019","15":"tag-a6","16":"tag-anschlussstellen","17":"tag-autobahndirektion-nordbayern","18":"tag-bahnlinie","19":"tag-brueckenhaelften","20":"tag-fahrtrichtung-nuernberg","21":"tag-laermmindernder-asphalt","22":"tag-laermschutzwaende","23":"tag-mobilkran","24":"tag-schwabach","25":"tag-schwabach-sued","26":"tag-schwabach-west","27":"tag-sperrung","28":"tag-treuchtlingen"},"_links":{"self":[{"href":"https:\/\/www.region-schwabach.de\/wordpress\/wp-json\/wp\/v2\/posts\/97401","targetHints":{"allow":["GET"]}}],"collection":[{"href":"https:\/\/www.region-schwabach.de\/wordpress\/wp-json\/wp\/v2\/posts"}],"about":[{"href":"https:\/\/www.region-schwabach.de\/wordpress\/wp-json\/wp\/v2\/types\/post"}],"author":[{"embeddable":true,"href":"https:\/\/www.region-schwabach.de\/wordpress\/wp-json\/wp\/v2\/users\/1"}],"replies":[{"embeddable":true,"href":"https:\/\/www.region-schwabach.de\/wordpress\/wp-json\/wp\/v2\/comments?post=97401"}],"version-history":[{"count":0,"href":"https:\/\/www.region-schwabach.de\/wordpress\/wp-json\/wp\/v2\/posts\/97401\/revisions"}],"wp:featuredmedia":[{"embeddable":true,"href":"https:\/\/www.region-schwabach.de\/wordpress\/wp-json\/wp\/v2\/media\/86792"}],"wp:attachment":[{"href":"https:\/\/www.region-schwabach.de\/wordpress\/wp-json\/wp\/v2\/media?parent=97401"}],"wp:term":[{"taxonomy":"category","embeddable":true,"href":"https:\/\/www.region-schwabach.de\/wordpress\/wp-json\/wp\/v2\/categories?post=97401"},{"taxonomy":"post_tag","embeddable":true,"href":"https:\/\/www.region-schwabach.de\/wordpress\/wp-json\/wp\/v2\/tags?post=97401"}],"curies":[{"name":"wp","href":"https:\/\/api.w.org\/{rel}","templated":true}]}}