{"id":97430,"date":"2019-08-13T00:05:40","date_gmt":"2019-08-12T22:05:40","guid":{"rendered":"http:\/\/www.region-schwabach.de\/wordpress\/?p=97430"},"modified":"2019-08-13T03:25:06","modified_gmt":"2019-08-13T01:25:06","slug":"katzwanger-kirchweih-vom-9-august-2019-13-august-2019","status":"publish","type":"post","link":"https:\/\/www.region-schwabach.de\/wordpress\/katzwanger-kirchweih-vom-9-august-2019-13-august-2019\/","title":{"rendered":"Katzwanger Kirchweih vom 9. August 2019 &#8211; 13. August 2019"},"content":{"rendered":"\t\t<div data-elementor-type=\"wp-post\" data-elementor-id=\"97430\" class=\"elementor elementor-97430\">\n\t\t\t\t\t\t<section class=\"elementor-section elementor-top-section elementor-element elementor-element-678181b elementor-section-boxed elementor-section-height-default elementor-section-height-default\" data-id=\"678181b\" data-element_type=\"section\">\n\t\t\t\t\t\t<div class=\"elementor-container elementor-column-gap-default\">\n\t\t\t\t\t<div class=\"elementor-column elementor-col-50 elementor-top-column elementor-element elementor-element-6b34026\" data-id=\"6b34026\" data-element_type=\"column\">\n\t\t\t<div class=\"elementor-widget-wrap elementor-element-populated\">\n\t\t\t\t\t\t<div class=\"elementor-element elementor-element-99fa0b8 elementor-widget elementor-widget-wp-widget-advads_ad_widget\" data-id=\"99fa0b8\" data-element_type=\"widget\" data-widget_type=\"wp-widget-advads_ad_widget.default\">\n\t\t\t\t<div class=\"elementor-widget-container\">\n\t\t\t<div id=\"regio-3724165805\"><div class=\"regio-adlabel\">Werbung<\/div><!-- Beginn https:\/\/www.financeads.net\/-Code --><a href=\"https:\/\/www.financeads.net\/tc.php?t=36648C19118058B\" target=\"_blank\"><img fetchpriority=\"high\" decoding=\"async\" src=\"https:\/\/www.financeads.net\/tb.php?t=36648V19118058B&https=1\" alt=\"\" border=\"0\" width=\"728\" height=\"90\"><\/a><!-- Ende https:\/\/www.financeads.net\/-Code --><\/div>\t\t<\/div>\n\t\t\t\t<\/div>\n\t\t\t\t<div class=\"elementor-element elementor-element-443ab98 elementor-widget elementor-widget-text-editor\" data-id=\"443ab98\" data-element_type=\"widget\" data-widget_type=\"text-editor.default\">\n\t\t\t\t<div class=\"elementor-widget-container\">\n\t\t\t\t\t\t\t<h3>Katzwanger Kirchweih<\/h3><p><span style=\"font-size: 12pt;\">Die Katzwanger K\u00e4rwa findet dieses Jahr vom Freitag, den 09.08.2018, bis Dienstag, den 13.08.2018 auf dem Festplatz in Katzwang statt.\u00a0<\/span><\/p><h3>Programm<\/h3><p><span style=\"font-size: 12pt;\"><strong>Freitag, den 10. August 2018<\/strong><\/span><\/p><ul style=\"list-style-type: disc;\"><li><span style=\"font-size: 12pt;\">18:00 Uhr Aufstellen des Kinderk\u00e4rwabaums\u00a0am K\u00e4rwaplatz<\/span><\/li><li><span style=\"font-size: 12pt;\">19:30 Uhr Bieranstich durch Stadtrat Harald Dix; Unterhaltungsmusik mit der Partyband &#8222;DIE GANOVEN&#8220;<\/span><\/li><\/ul><p><span style=\"font-size: 12pt;\"><strong>Samstag, den 11. August 2018<\/strong><\/span><\/p><ul style=\"list-style-type: disc;\"><li><span style=\"font-size: 12pt;\">13:30 Uhr Beginn des K\u00e4rwaumzugs<\/span><\/li><li><span style=\"font-size: 12pt;\">15:00 Uhr Festbetrieb am K\u00e4rwaplatz<\/span><\/li><li><span style=\"font-size: 12pt;\">16:30 Uhr Aufstellen des K\u00e4rwabaums<\/span><\/li><li><span style=\"font-size: 12pt;\">19:00 Uhr Party und Stimmung mit den \u201eROTHSEE MUSIKANTEN\u201c<\/span><\/li><\/ul><p><span style=\"font-size: 12pt;\"><strong>Sonntag, den 12. August 2018<\/strong><\/span><\/p><ul style=\"list-style-type: disc;\"><li><span style=\"font-size: 12pt;\">10:00 Uhr K\u00e4rwa-Gottesdienst<\/span><\/li><li><span style=\"font-size: 12pt;\">10:30 Uhr F\u00fchschoppen zum Sautrogrennen<\/span><\/li><li><span style=\"font-size: 12pt;\">12:00 Uhr Mittagstisch im Festzelt<\/span><\/li><li><span style=\"font-size: 12pt;\">14:00 Uhr Start des Sautrogrennens an der Rednitz<\/span><\/li><li><span style=\"font-size: 12pt;\">19:00 Uhr Unterhaltungsmusik mit der Band &#8222;ANDORRAS&#8220;<\/span><\/li><\/ul><p><span style=\"font-size: 12pt;\"><strong>Montag, den 13. August 2018<\/strong><\/span><\/p><ul style=\"list-style-type: disc;\"><li><span style=\"font-size: 12pt;\">14:00 Uhr Familiennachmittag mit Erm\u00e4\u00dfigungen (bis 18 Uhr)<\/span><\/li><li><span style=\"font-size: 12pt;\">14:30 Uhr Puppen-Theater im Festzelt<\/span><\/li><li><span style=\"font-size: 12pt;\">19:00 Uhr Stimmungsabend mit &#8222;DIE BRESSDLERSGWAADSCHER&#8220;<\/span><\/li><li><span style=\"font-size: 12pt;\">21:30 Uhr\u00a0Verlosung durch K\u00e4rwaboum &amp; -madli<\/span><\/li><\/ul><p><span style=\"font-size: 12pt;\"><strong>Dienstag, den 14. August 2018<\/strong><\/span><\/p><ul style=\"list-style-type: disc;\"><li><span style=\"font-size: 12pt;\">14:00 Uhr Festbetrieb<\/span><\/li><li><span style=\"font-size: 12pt;\">19:00 Uhr Stimmungsabend mit \u201eSEPP UND DIE STEIGERW\u00c4LDER KNUTSCHB\u00c4REN\u201c<\/span><\/li><\/ul><p><span style=\"font-size: 12pt;\">F\u00fcr das leibliche Wohl sorgt der Festwirtfamilie Gruber, zum Ausschank kommt das Bier der Landwehr-Br\u00e4u. Zur Unterhaltung gibt es neben dem Festzelt auch eine Auswahl an Fahrgesch\u00e4ften und Buden.\u00a0<\/span><\/p><p><span style=\"font-size: 12pt;\"><strong>Der Festwirt,die Schausteller,\u00a0das B\u00fcrgeramt S\u00fcd und die K\u00e4rwaboum&amp;-madli\u00a0laden die B\u00fcrger von Katzwang und Umgebung recht herzlich ein.<\/strong><\/span><\/p>\t\t\t\t\t\t<\/div>\n\t\t\t\t<\/div>\n\t\t\t\t<div class=\"elementor-element elementor-element-0c834d7 elementor-widget-divider--view-line elementor-widget elementor-widget-divider\" data-id=\"0c834d7\" data-element_type=\"widget\" data-widget_type=\"divider.default\">\n\t\t\t\t<div class=\"elementor-widget-container\">\n\t\t\t\t\t<div class=\"elementor-divider\">\n\t\t\t<span class=\"elementor-divider-separator\">\n\t\t\t\t\t\t<\/span>\n\t\t<\/div>\n\t\t\t\t<\/div>\n\t\t\t\t<\/div>\n\t\t\t\t<div class=\"elementor-element elementor-element-325f51f elementor-widget elementor-widget-google_maps\" data-id=\"325f51f\" data-element_type=\"widget\" data-widget_type=\"google_maps.default\">\n\t\t\t\t<div class=\"elementor-widget-container\">\n\t\t\t\t\t<div class=\"elementor-custom-embed\">\n\t\t\t<iframe loading=\"lazy\"\n\t\t\t\t\tsrc=\"https:\/\/maps.google.com\/maps?q=49.348723%2C%2011.058850&#038;t=m&#038;z=17&#038;output=embed&#038;iwloc=near\"\n\t\t\t\t\ttitle=\"49.348723, 11.058850\"\n\t\t\t\t\taria-label=\"49.348723, 11.058850\"\n\t\t\t><\/iframe>\n\t\t<\/div>\n\t\t\t\t<\/div>\n\t\t\t\t<\/div>\n\t\t\t\t\t<\/div>\n\t\t<\/div>\n\t\t\t\t<div class=\"elementor-column elementor-col-50 elementor-top-column elementor-element elementor-element-35fe0e6\" data-id=\"35fe0e6\" data-element_type=\"column\">\n\t\t\t<div class=\"elementor-widget-wrap elementor-element-populated\">\n\t\t\t\t\t\t<div class=\"elementor-element elementor-element-b89e1c8 elementor-widget elementor-widget-heading\" data-id=\"b89e1c8\" data-element_type=\"widget\" data-widget_type=\"heading.default\">\n\t\t\t\t<div class=\"elementor-widget-container\">\n\t\t\t<h3 class=\"elementor-heading-title elementor-size-default\">Schnell vergleichen und sparen!<\/h3>\t\t<\/div>\n\t\t\t\t<\/div>\n\t\t\t\t<div class=\"elementor-element elementor-element-39f23f6 elementor-widget elementor-widget-wp-widget-advads_ad_widget\" data-id=\"39f23f6\" data-element_type=\"widget\" data-widget_type=\"wp-widget-advads_ad_widget.default\">\n\t\t\t\t<div class=\"elementor-widget-container\">\n\t\t\t<div id=\"regio-769920538\"><div class=\"regio-adlabel\">Werbung<\/div><!-- Beginn https:\/\/www.financeads.net\/-Code --><a href=\"https:\/\/www.financeads.net\/tc.php?t=36648C236142529B\" target=\"_blank\"><img decoding=\"async\" src=\"https:\/\/www.financeads.net\/tb.php?t=36648V236142529B&https=1\" alt=\"\" border=\"0\" width=\"300\" height=\"250\"><\/a><!-- Ende https:\/\/www.financeads.net\/-Code --><\/div>\t\t<\/div>\n\t\t\t\t<\/div>\n\t\t\t\t<div class=\"elementor-element elementor-element-5cf8c5b elementor-widget elementor-widget-wp-widget-advads_ad_widget\" data-id=\"5cf8c5b\" data-element_type=\"widget\" data-widget_type=\"wp-widget-advads_ad_widget.default\">\n\t\t\t\t<div class=\"elementor-widget-container\">\n\t\t\t<div id=\"regio-786222532\"><div class=\"regio-adlabel\">Werbung<\/div><!-- Beginn https:\/\/www.financeads.net\/-Code --><a href=\"https:\/\/www.financeads.net\/tc.php?t=36648C42614510B\" target=\"_blank\"><img decoding=\"async\" src=\"https:\/\/www.financeads.net\/tb.php?t=36648V42614510B&https=1\" alt=\"\" border=\"0\" width=\"200\" height=\"300\"><\/a><!-- Ende https:\/\/www.financeads.net\/-Code --><\/div>\t\t<\/div>\n\t\t\t\t<\/div>\n\t\t\t\t<div class=\"elementor-element elementor-element-bf7f909 elementor-widget elementor-widget-wp-widget-advads_ad_widget\" data-id=\"bf7f909\" data-element_type=\"widget\" data-widget_type=\"wp-widget-advads_ad_widget.default\">\n\t\t\t\t<div class=\"elementor-widget-container\">\n\t\t\t<div id=\"regio-186734296\"><div class=\"regio-adlabel\">Werbung<\/div><!-- Beginn https:\/\/www.financeads.net\/-Code --><a href=\"https:\/\/www.financeads.net\/tc.php?t=36648C205040072B\" target=\"_blank\"><img loading=\"lazy\" decoding=\"async\" src=\"https:\/\/www.financeads.net\/tb.php?t=36648V205040072B&https=1\" alt=\"\" border=\"0\" width=\"300\" height=\"250\"><\/a><!-- Ende https:\/\/www.financeads.net\/-Code --><\/div>\t\t<\/div>\n\t\t\t\t<\/div>\n\t\t\t\t<div class=\"elementor-element elementor-element-e6dba31 elementor-widget elementor-widget-wp-widget-advads_ad_widget\" data-id=\"e6dba31\" data-element_type=\"widget\" data-widget_type=\"wp-widget-advads_ad_widget.default\">\n\t\t\t\t<div class=\"elementor-widget-container\">\n\t\t\t<div id=\"regio-4289426553\"><div class=\"regio-adlabel\">Werbung<\/div><!-- Beginn https:\/\/www.financeads.net\/-Code --><a href=\"https:\/\/www.financeads.net\/tc.php?t=36648C271460142B\" target=\"_blank\"><img loading=\"lazy\" decoding=\"async\" src=\"https:\/\/www.financeads.net\/tb.php?t=36648V271460142B&https=1\" alt=\"PETPROTECT_Hund&Katze_Banner\" border=\"0\" width=\"250\" height=\"250\"><\/a><!-- Ende https:\/\/www.financeads.net\/-Code --><\/div>\t\t<\/div>\n\t\t\t\t<\/div>\n\t\t\t\t\t<\/div>\n\t\t<\/div>\n\t\t\t\t\t<\/div>\n\t\t<\/section>\n\t\t\t\t<section class=\"elementor-section elementor-top-section elementor-element elementor-element-69c8d75 elementor-section-boxed elementor-section-height-default elementor-section-height-default\" data-id=\"69c8d75\" data-element_type=\"section\">\n\t\t\t\t\t\t<div class=\"elementor-container elementor-column-gap-default\">\n\t\t\t\t\t<div class=\"elementor-column elementor-col-100 elementor-top-column elementor-element elementor-element-963ca5a\" data-id=\"963ca5a\" data-element_type=\"column\">\n\t\t\t<div class=\"elementor-widget-wrap elementor-element-populated\">\n\t\t\t\t\t\t<div class=\"elementor-element elementor-element-102257c elementor-widget elementor-widget-heading\" data-id=\"102257c\" data-element_type=\"widget\" data-widget_type=\"heading.default\">\n\t\t\t\t<div class=\"elementor-widget-container\">\n\t\t\t<h2 class=\"elementor-heading-title elementor-size-default\">Hier ein paar Impressionen<\/h2>\t\t<\/div>\n\t\t\t\t<\/div>\n\t\t\t\t\t<\/div>\n\t\t<\/div>\n\t\t\t\t\t<\/div>\n\t\t<\/section>\n\t\t\t\t<section class=\"elementor-section elementor-top-section elementor-element elementor-element-60d0a84 elementor-section-boxed elementor-section-height-default elementor-section-height-default\" data-id=\"60d0a84\" data-element_type=\"section\">\n\t\t\t\t\t\t<div class=\"elementor-container elementor-column-gap-default\">\n\t\t\t\t\t<div class=\"elementor-column elementor-col-100 elementor-top-column elementor-element elementor-element-92a1d03\" data-id=\"92a1d03\" data-element_type=\"column\">\n\t\t\t<div class=\"elementor-widget-wrap elementor-element-populated\">\n\t\t\t\t\t\t<div class=\"elementor-element elementor-element-dad7673 elementor-widget elementor-widget-heading\" data-id=\"dad7673\" data-element_type=\"widget\" data-widget_type=\"heading.default\">\n\t\t\t\t<div class=\"elementor-widget-container\">\n\t\t\t<h3 class=\"elementor-heading-title elementor-size-default\">(Bilder zum Vergr\u00f6\u00dfern bitte anklicken)<\/h3>\t\t<\/div>\n\t\t\t\t<\/div>\n\t\t\t\t\t<\/div>\n\t\t<\/div>\n\t\t\t\t\t<\/div>\n\t\t<\/section>\n\t\t\t\t<section class=\"elementor-section elementor-top-section elementor-element elementor-element-4199ac2 elementor-section-boxed elementor-section-height-default elementor-section-height-default\" data-id=\"4199ac2\" data-element_type=\"section\">\n\t\t\t\t\t\t<div class=\"elementor-container elementor-column-gap-default\">\n\t\t\t\t\t<div class=\"elementor-column elementor-col-50 elementor-top-column elementor-element elementor-element-c1dddde\" data-id=\"c1dddde\" data-element_type=\"column\">\n\t\t\t<div class=\"elementor-widget-wrap elementor-element-populated\">\n\t\t\t\t\t\t<div class=\"elementor-element elementor-element-d977ad7 elementor-widget elementor-widget-image\" data-id=\"d977ad7\" data-element_type=\"widget\" data-widget_type=\"image.default\">\n\t\t\t\t<div class=\"elementor-widget-container\">\n\t\t\t\t\t\t\t\t\t\t<figure class=\"wp-caption\">\n\t\t\t\t\t\t\t\t\t\t\t<a href=\"http:\/\/www.region-schwabach.de\/wordpress\/wp-content\/uploads\/2019\/08\/plakat-2019.jpg\" data-elementor-open-lightbox=\"yes\" data-elementor-lightbox-title=\"plakat-2019\" data-e-action-hash=\"#elementor-action%3Aaction%3Dlightbox%26settings%3DeyJpZCI6OTc0MzEsInVybCI6Imh0dHBzOlwvXC93d3cucmVnaW9uLXNjaHdhYmFjaC5kZVwvd29yZHByZXNzXC93cC1jb250ZW50XC91cGxvYWRzXC8yMDE5XC8wOFwvcGxha2F0LTIwMTkuanBnIn0%3D\">\n\t\t\t\t\t\t\t<img loading=\"lazy\" decoding=\"async\" width=\"683\" height=\"960\" src=\"https:\/\/www.region-schwabach.de\/wordpress\/wp-content\/uploads\/2019\/08\/plakat-2019.jpg\" class=\"attachment-full size-full wp-image-97431\" alt=\"\" srcset=\"https:\/\/www.region-schwabach.de\/wordpress\/wp-content\/uploads\/2019\/08\/plakat-2019.jpg 683w, https:\/\/www.region-schwabach.de\/wordpress\/wp-content\/uploads\/2019\/08\/plakat-2019-213x300.jpg 213w\" sizes=\"(max-width: 683px) 100vw, 683px\" \/>\t\t\t\t\t\t\t\t<\/a>\n\t\t\t\t\t\t\t\t\t\t\t<figcaption class=\"widget-image-caption wp-caption-text\">Katzwanger Kirchweih Bild 1<\/figcaption>\n\t\t\t\t\t\t\t\t\t\t<\/figure>\n\t\t\t\t\t\t\t<\/div>\n\t\t\t\t<\/div>\n\t\t\t\t\t<\/div>\n\t\t<\/div>\n\t\t\t\t<div class=\"elementor-column elementor-col-50 elementor-top-column elementor-element elementor-element-d9c9901\" data-id=\"d9c9901\" data-element_type=\"column\">\n\t\t\t<div class=\"elementor-widget-wrap elementor-element-populated\">\n\t\t\t\t\t\t<div class=\"elementor-element elementor-element-4ee09b3 elementor-widget elementor-widget-image\" data-id=\"4ee09b3\" data-element_type=\"widget\" data-widget_type=\"image.default\">\n\t\t\t\t<div class=\"elementor-widget-container\">\n\t\t\t\t\t\t\t\t\t\t<figure class=\"wp-caption\">\n\t\t\t\t\t\t\t\t\t\t\t<a href=\"http:\/\/www.region-schwabach.de\/wordpress\/wp-content\/uploads\/2019\/08\/programm-2019.jpg\" data-elementor-open-lightbox=\"yes\" data-elementor-lightbox-title=\"programm-2019\" data-e-action-hash=\"#elementor-action%3Aaction%3Dlightbox%26settings%3DeyJpZCI6OTc0MzYsInVybCI6Imh0dHBzOlwvXC93d3cucmVnaW9uLXNjaHdhYmFjaC5kZVwvd29yZHByZXNzXC93cC1jb250ZW50XC91cGxvYWRzXC8yMDE5XC8wOFwvcHJvZ3JhbW0tMjAxOS5qcGcifQ%3D%3D\">\n\t\t\t\t\t\t\t<img loading=\"lazy\" decoding=\"async\" width=\"688\" height=\"960\" src=\"https:\/\/www.region-schwabach.de\/wordpress\/wp-content\/uploads\/2019\/08\/programm-2019.jpg\" class=\"attachment-full size-full wp-image-97436\" alt=\"\" srcset=\"https:\/\/www.region-schwabach.de\/wordpress\/wp-content\/uploads\/2019\/08\/programm-2019.jpg 688w, https:\/\/www.region-schwabach.de\/wordpress\/wp-content\/uploads\/2019\/08\/programm-2019-215x300.jpg 215w\" sizes=\"(max-width: 688px) 100vw, 688px\" \/>\t\t\t\t\t\t\t\t<\/a>\n\t\t\t\t\t\t\t\t\t\t\t<figcaption class=\"widget-image-caption wp-caption-text\">KatzwangerKirchweih Bild 2<\/figcaption>\n\t\t\t\t\t\t\t\t\t\t<\/figure>\n\t\t\t\t\t\t\t<\/div>\n\t\t\t\t<\/div>\n\t\t\t\t\t<\/div>\n\t\t<\/div>\n\t\t\t\t\t<\/div>\n\t\t<\/section>\n\t\t\t\t<\/div>\n\t\t","protected":false},"excerpt":{"rendered":"<div class=\"mh-excerpt\"><p>Katzwanger Kirchweih Die Katzwanger K\u00e4rwa findet dieses Jahr vom Freitag, den 09.08.2018, bis Dienstag, den 13.08.2018 auf dem Festplatz in Katzwang statt.\u00a0 Programm Freitag, den 10. August 2018 18:00 Uhr Aufstellen des Kinderk\u00e4rwabaums\u00a0am K\u00e4rwaplatz 19:30 <a class=\"mh-excerpt-more\" href=\"https:\/\/www.region-schwabach.de\/wordpress\/katzwanger-kirchweih-vom-9-august-2019-13-august-2019\/\" title=\"Katzwanger Kirchweih vom 9. August 2019 &#8211; 13. August 2019\">[&#8230;]<\/a><\/p>\n<\/div>","protected":false},"author":1,"featured_media":97431,"comment_status":"open","ping_status":"open","sticky":false,"template":"","format":"standard","meta":{"_cbd_carousel_blocks":"[]","footnotes":""},"categories":[16,1,287,231],"tags":[10237,10268,10272,10270,10271,3930,765,4027,19],"class_list":{"0":"post-97430","1":"post","2":"type-post","3":"status-publish","4":"format-standard","5":"has-post-thumbnail","7":"category-aktuell","8":"category-allgemein","9":"category-jugend-und-familie","10":"category-veranstaltungsnews","11":"tag-09-08-2019","12":"tag-10-08-2019","13":"tag-11-08-2019","14":"tag-12-08-2019","15":"tag-13-08-2019","16":"tag-festplatz","17":"tag-katzwang","18":"tag-kirchweih","19":"tag-schwabach"},"_links":{"self":[{"href":"https:\/\/www.region-schwabach.de\/wordpress\/wp-json\/wp\/v2\/posts\/97430","targetHints":{"allow":["GET"]}}],"collection":[{"href":"https:\/\/www.region-schwabach.de\/wordpress\/wp-json\/wp\/v2\/posts"}],"about":[{"href":"https:\/\/www.region-schwabach.de\/wordpress\/wp-json\/wp\/v2\/types\/post"}],"author":[{"embeddable":true,"href":"https:\/\/www.region-schwabach.de\/wordpress\/wp-json\/wp\/v2\/users\/1"}],"replies":[{"embeddable":true,"href":"https:\/\/www.region-schwabach.de\/wordpress\/wp-json\/wp\/v2\/comments?post=97430"}],"version-history":[{"count":0,"href":"https:\/\/www.region-schwabach.de\/wordpress\/wp-json\/wp\/v2\/posts\/97430\/revisions"}],"wp:featuredmedia":[{"embeddable":true,"href":"https:\/\/www.region-schwabach.de\/wordpress\/wp-json\/wp\/v2\/media\/97431"}],"wp:attachment":[{"href":"https:\/\/www.region-schwabach.de\/wordpress\/wp-json\/wp\/v2\/media?parent=97430"}],"wp:term":[{"taxonomy":"category","embeddable":true,"href":"https:\/\/www.region-schwabach.de\/wordpress\/wp-json\/wp\/v2\/categories?post=97430"},{"taxonomy":"post_tag","embeddable":true,"href":"https:\/\/www.region-schwabach.de\/wordpress\/wp-json\/wp\/v2\/tags?post=97430"}],"curies":[{"name":"wp","href":"https:\/\/api.w.org\/{rel}","templated":true}]}}