{"id":97512,"date":"2019-08-11T12:33:28","date_gmt":"2019-08-11T10:33:28","guid":{"rendered":"http:\/\/www.region-schwabach.de\/wordpress\/?p=97512"},"modified":"2019-08-11T12:39:20","modified_gmt":"2019-08-11T10:39:20","slug":"polizeibeamte-in-roth-massiv-bedrangt-und-angegriffen-zeugen-gesucht","status":"publish","type":"post","link":"https:\/\/www.region-schwabach.de\/wordpress\/polizeibeamte-in-roth-massiv-bedrangt-und-angegriffen-zeugen-gesucht\/","title":{"rendered":"Polizeibeamte in Roth massiv bedr\u00e4ngt und angegriffen &#8211; Zeugen gesucht"},"content":{"rendered":"\t\t<div data-elementor-type=\"wp-post\" data-elementor-id=\"97512\" class=\"elementor elementor-97512\">\n\t\t\t\t\t\t<section class=\"elementor-section elementor-top-section elementor-element elementor-element-1cuv9jr elementor-section-boxed elementor-section-height-default elementor-section-height-default\" data-id=\"1cuv9jr\" data-element_type=\"section\">\n\t\t\t\t\t\t<div class=\"elementor-container elementor-column-gap-default\">\n\t\t\t\t\t<div class=\"elementor-column elementor-col-50 elementor-top-column elementor-element elementor-element-q5zak7b\" data-id=\"q5zak7b\" data-element_type=\"column\">\n\t\t\t<div class=\"elementor-widget-wrap elementor-element-populated\">\n\t\t\t\t\t\t<div class=\"elementor-element elementor-element-f3e1a8e elementor-widget elementor-widget-wp-widget-advads_ad_widget\" data-id=\"f3e1a8e\" data-element_type=\"widget\" data-widget_type=\"wp-widget-advads_ad_widget.default\">\n\t\t\t\t<div class=\"elementor-widget-container\">\n\t\t\t<div id=\"regio-1403217748\"><div class=\"regio-adlabel\">Werbung<\/div><!-- Beginn https:\/\/www.financeads.net\/-Code --><a href=\"https:\/\/www.financeads.net\/tc.php?t=36648C19118058B\" target=\"_blank\"><img fetchpriority=\"high\" decoding=\"async\" src=\"https:\/\/www.financeads.net\/tb.php?t=36648V19118058B&https=1\" alt=\"\" border=\"0\" width=\"728\" height=\"90\"><\/a><!-- Ende https:\/\/www.financeads.net\/-Code --><\/div>\t\t<\/div>\n\t\t\t\t<\/div>\n\t\t\t\t<div class=\"elementor-element elementor-element-a4daeae elementor-widget elementor-widget-text-editor\" data-id=\"a4daeae\" data-element_type=\"widget\" data-widget_type=\"text-editor.default\">\n\t\t\t\t<div class=\"elementor-widget-container\">\n\t\t\t\t\t\t\t<h3>Polizeibeamte massiv bedr\u00e4ngt und angegriffen &#8211; Zeugen gesucht<\/h3><p><span style=\"font-size: 12pt;\">Roth (ots) &#8211; Am fr\u00fchen Sonntagmorgen (11.08.2019) kam es in der Rother Innenstadt im Nachgang der Kirchweih zu einem gro\u00dfen Polizeieinsatz. Mehrere Personen wurden festgenommen.<\/span><\/p><p><span style=\"font-size: 12pt;\">Nach derzeitigen Erkenntnissen kam es gegen 01:30 Uhr in einer Diskothek in der Rother Innenstadt zu einem K\u00f6rperverletzungsdelikt. Den Beamten wurde mitgeteilt, dass ein Mann zuvor eine Frau in der Diskothek geschlagen hatte und war von den Mitarbeitern des Sicherheitsdienstes des Hauses verwiesen worden. Als die Beamten die Personalien des Angreifers erheben wollten, versetzte dieser einem der Polizisten unvermittelt einen Kopfsto\u00df gegen den Oberk\u00f6rper. Die Einsatzkr\u00e4fte \u00fcberw\u00e4ltigten den 18-J\u00e4hrigen und fixierten ihn.<\/span><\/p><p><span style=\"font-size: 12pt;\">In der Folge bedr\u00e4ngte eine ca. 15-k\u00f6pfige Personengruppe die einschreitenden Polizisten massiv, umringten sie und versuchten, den Festgenommenen zu befreien.<\/span><\/p><p><span style=\"font-size: 12pt;\">Erst durch Hinzuziehung weiterer Polizeistreifen u. a. des Unterst\u00fctzungskommandos Mittelfranken sowie weiterer Dienststellen konnte die Situation beruhigt werden. Hierbei kam es zu teils massiven Angriffen mehrerer Personen gegen die Polizisten sowie Mitarbeitern des Sicherheitsdienstes und entsprechenden Widerstandshandlungen.<\/span><\/p><p><span style=\"font-size: 12pt;\">Nahezu zwei Dutzend Polizeibeamte waren notwendig, um die Situation zu beruhigen. Hierzu musste unmittelbarer Zwang u. a. in Form von Pfefferspray eingesetzt werden. F\u00fcnf M\u00e4nner (18, 24, 26, 28 und 30 Jahre) wurden festgenommen. Gegen die Beschuldigten wurden entsprechende Ermittlungsverfahren eingeleitet.<\/span><\/p><p><span style=\"font-size: 12pt;\">Die eingesetzten Polizeibeamten blieben nach bisherigem Kenntnisstand unverletzt. Mehrere Personen wurden durch den Rettungsdienst wegen Augen- und Atemwegsreizungen vorsorglich behandelt.<\/span><\/p><p><span style=\"font-size: 12pt;\">Zeugen, die sachdienliche Hinweise zu dem Vorfall geben k\u00f6nnen, werden gebeten, sich unter der Telefonnummer 09171\/9744-0 zu melden.<\/span><\/p><p><strong><span style=\"font-size: 12pt;\">Wolfgang Prehl<\/span><\/strong><\/p><p><span style=\"font-size: 12pt;\">Original-Content von: Polizeipr\u00e4sidium Mittelfranken<\/span><\/p>\t\t\t\t\t\t<\/div>\n\t\t\t\t<\/div>\n\t\t\t\t<div class=\"elementor-element elementor-element-ace1283 elementor-widget-divider--view-line elementor-widget elementor-widget-divider\" data-id=\"ace1283\" data-element_type=\"widget\" data-widget_type=\"divider.default\">\n\t\t\t\t<div class=\"elementor-widget-container\">\n\t\t\t\t\t<div class=\"elementor-divider\">\n\t\t\t<span class=\"elementor-divider-separator\">\n\t\t\t\t\t\t<\/span>\n\t\t<\/div>\n\t\t\t\t<\/div>\n\t\t\t\t<\/div>\n\t\t\t\t<div class=\"elementor-element elementor-element-83d1a63 elementor-widget elementor-widget-google_maps\" data-id=\"83d1a63\" data-element_type=\"widget\" data-widget_type=\"google_maps.default\">\n\t\t\t\t<div class=\"elementor-widget-container\">\n\t\t\t\t\t<div class=\"elementor-custom-embed\">\n\t\t\t<iframe loading=\"lazy\"\n\t\t\t\t\tsrc=\"https:\/\/maps.google.com\/maps?q=Schwabach%2C%20Deutschland&#038;t=m&#038;z=15&#038;output=embed&#038;iwloc=near\"\n\t\t\t\t\ttitle=\"Schwabach, Deutschland\"\n\t\t\t\t\taria-label=\"Schwabach, Deutschland\"\n\t\t\t><\/iframe>\n\t\t<\/div>\n\t\t\t\t<\/div>\n\t\t\t\t<\/div>\n\t\t\t\t\t<\/div>\n\t\t<\/div>\n\t\t\t\t<div class=\"elementor-column elementor-col-50 elementor-top-column elementor-element elementor-element-bca16a1\" data-id=\"bca16a1\" data-element_type=\"column\">\n\t\t\t<div class=\"elementor-widget-wrap elementor-element-populated\">\n\t\t\t\t\t\t<div class=\"elementor-element elementor-element-d99c01b elementor-widget elementor-widget-heading\" data-id=\"d99c01b\" data-element_type=\"widget\" data-widget_type=\"heading.default\">\n\t\t\t\t<div class=\"elementor-widget-container\">\n\t\t\t<h3 class=\"elementor-heading-title elementor-size-default\">Schnell vergleichen und sparen!<\/h3>\t\t<\/div>\n\t\t\t\t<\/div>\n\t\t\t\t<div class=\"elementor-element elementor-element-f8fcb73 elementor-widget elementor-widget-wp-widget-advads_ad_widget\" data-id=\"f8fcb73\" data-element_type=\"widget\" data-widget_type=\"wp-widget-advads_ad_widget.default\">\n\t\t\t\t<div class=\"elementor-widget-container\">\n\t\t\t<div id=\"regio-2125457184\"><div class=\"regio-adlabel\">Werbung<\/div><!-- Beginn https:\/\/www.financeads.net\/-Code --><a href=\"https:\/\/www.financeads.net\/tc.php?t=36648C236142529B\" target=\"_blank\"><img decoding=\"async\" src=\"https:\/\/www.financeads.net\/tb.php?t=36648V236142529B&https=1\" alt=\"\" border=\"0\" width=\"300\" height=\"250\"><\/a><!-- Ende https:\/\/www.financeads.net\/-Code --><\/div>\t\t<\/div>\n\t\t\t\t<\/div>\n\t\t\t\t<div class=\"elementor-element elementor-element-76d498a elementor-widget elementor-widget-wp-widget-advads_ad_widget\" data-id=\"76d498a\" data-element_type=\"widget\" data-widget_type=\"wp-widget-advads_ad_widget.default\">\n\t\t\t\t<div class=\"elementor-widget-container\">\n\t\t\t<div id=\"regio-924526876\"><div class=\"regio-adlabel\">Werbung<\/div><!-- Beginn https:\/\/www.financeads.net\/-Code --><a href=\"https:\/\/www.financeads.net\/tc.php?t=36648C42614510B\" target=\"_blank\"><img decoding=\"async\" src=\"https:\/\/www.financeads.net\/tb.php?t=36648V42614510B&https=1\" alt=\"\" border=\"0\" width=\"200\" height=\"300\"><\/a><!-- Ende https:\/\/www.financeads.net\/-Code --><\/div>\t\t<\/div>\n\t\t\t\t<\/div>\n\t\t\t\t<div class=\"elementor-element elementor-element-22c1304 elementor-widget elementor-widget-wp-widget-advads_ad_widget\" data-id=\"22c1304\" data-element_type=\"widget\" data-widget_type=\"wp-widget-advads_ad_widget.default\">\n\t\t\t\t<div class=\"elementor-widget-container\">\n\t\t\t<div id=\"regio-963789704\"><div class=\"regio-adlabel\">Werbung<\/div><!-- Beginn https:\/\/www.financeads.net\/-Code --><a href=\"https:\/\/www.financeads.net\/tc.php?t=36648C205040072B\" target=\"_blank\"><img loading=\"lazy\" decoding=\"async\" src=\"https:\/\/www.financeads.net\/tb.php?t=36648V205040072B&https=1\" alt=\"\" border=\"0\" width=\"300\" height=\"250\"><\/a><!-- Ende https:\/\/www.financeads.net\/-Code --><\/div>\t\t<\/div>\n\t\t\t\t<\/div>\n\t\t\t\t<div class=\"elementor-element elementor-element-a79da85 elementor-widget elementor-widget-wp-widget-advads_ad_widget\" data-id=\"a79da85\" data-element_type=\"widget\" data-widget_type=\"wp-widget-advads_ad_widget.default\">\n\t\t\t\t<div class=\"elementor-widget-container\">\n\t\t\t<div id=\"regio-2968618275\"><div class=\"regio-adlabel\">Werbung<\/div><!-- Beginn https:\/\/www.financeads.net\/-Code --><a href=\"https:\/\/www.financeads.net\/tc.php?t=36648C271460142B\" target=\"_blank\"><img loading=\"lazy\" decoding=\"async\" src=\"https:\/\/www.financeads.net\/tb.php?t=36648V271460142B&https=1\" alt=\"PETPROTECT_Hund&Katze_Banner\" border=\"0\" width=\"250\" height=\"250\"><\/a><!-- Ende https:\/\/www.financeads.net\/-Code --><\/div>\t\t<\/div>\n\t\t\t\t<\/div>\n\t\t\t\t\t<\/div>\n\t\t<\/div>\n\t\t\t\t\t<\/div>\n\t\t<\/section>\n\t\t\t\t<\/div>\n\t\t","protected":false},"excerpt":{"rendered":"<div class=\"mh-excerpt\"><p>Polizeibeamte massiv bedr\u00e4ngt und angegriffen &#8211; Zeugen gesucht Roth (ots) &#8211; Am fr\u00fchen Sonntagmorgen (11.08.2019) kam es in der Rother Innenstadt im Nachgang der Kirchweih zu einem gro\u00dfen Polizeieinsatz. Mehrere Personen wurden festgenommen. Nach derzeitigen <a class=\"mh-excerpt-more\" href=\"https:\/\/www.region-schwabach.de\/wordpress\/polizeibeamte-in-roth-massiv-bedrangt-und-angegriffen-zeugen-gesucht\/\" title=\"Polizeibeamte in Roth massiv bedr\u00e4ngt und angegriffen &#8211; Zeugen gesucht\">[&#8230;]<\/a><\/p>\n<\/div>","protected":false},"author":1,"featured_media":97513,"comment_status":"open","ping_status":"open","sticky":false,"template":"","format":"standard","meta":{"_cbd_carousel_blocks":"[]","footnotes":""},"categories":[16,15],"tags":[10272,10295,2961,1519,43,388,2292,515,8156,981,7469,2103,32,3092,634,1921],"class_list":{"0":"post-97512","1":"post","2":"type-post","3":"status-publish","4":"format-standard","5":"has-post-thumbnail","7":"category-aktuell","8":"category-polizeimeldungen","9":"tag-11-08-2019","10":"tag-augen-und-atemwegsreizungen","11":"tag-diskothek","12":"tag-ermittlungsverfahren","13":"tag-festnahme","14":"tag-innenstadt","15":"tag-kontrolle","16":"tag-koerperverletzung","17":"tag-pfefferspray","18":"tag-polizei","19":"tag-polizei-roth","20":"tag-rettungsdienst","21":"tag-roth","22":"tag-sicherheitsdienst","23":"tag-stadtgebiet","24":"tag-widerstand"},"_links":{"self":[{"href":"https:\/\/www.region-schwabach.de\/wordpress\/wp-json\/wp\/v2\/posts\/97512","targetHints":{"allow":["GET"]}}],"collection":[{"href":"https:\/\/www.region-schwabach.de\/wordpress\/wp-json\/wp\/v2\/posts"}],"about":[{"href":"https:\/\/www.region-schwabach.de\/wordpress\/wp-json\/wp\/v2\/types\/post"}],"author":[{"embeddable":true,"href":"https:\/\/www.region-schwabach.de\/wordpress\/wp-json\/wp\/v2\/users\/1"}],"replies":[{"embeddable":true,"href":"https:\/\/www.region-schwabach.de\/wordpress\/wp-json\/wp\/v2\/comments?post=97512"}],"version-history":[{"count":0,"href":"https:\/\/www.region-schwabach.de\/wordpress\/wp-json\/wp\/v2\/posts\/97512\/revisions"}],"wp:featuredmedia":[{"embeddable":true,"href":"https:\/\/www.region-schwabach.de\/wordpress\/wp-json\/wp\/v2\/media\/97513"}],"wp:attachment":[{"href":"https:\/\/www.region-schwabach.de\/wordpress\/wp-json\/wp\/v2\/media?parent=97512"}],"wp:term":[{"taxonomy":"category","embeddable":true,"href":"https:\/\/www.region-schwabach.de\/wordpress\/wp-json\/wp\/v2\/categories?post=97512"},{"taxonomy":"post_tag","embeddable":true,"href":"https:\/\/www.region-schwabach.de\/wordpress\/wp-json\/wp\/v2\/tags?post=97512"}],"curies":[{"name":"wp","href":"https:\/\/api.w.org\/{rel}","templated":true}]}}