{"id":97697,"date":"2019-08-12T14:09:25","date_gmt":"2019-08-12T12:09:25","guid":{"rendered":"http:\/\/www.region-schwabach.de\/wordpress\/?p=97697"},"modified":"2019-08-12T14:12:43","modified_gmt":"2019-08-12T12:12:43","slug":"polizei-ermittelt-wegen-illegalem-autorennen-auf-der-bab-9-bei-greding","status":"publish","type":"post","link":"https:\/\/www.region-schwabach.de\/wordpress\/polizei-ermittelt-wegen-illegalem-autorennen-auf-der-bab-9-bei-greding\/","title":{"rendered":"Polizei ermittelt wegen illegalem Autorennen auf der BAB 9 bei Greding"},"content":{"rendered":"\t\t<div data-elementor-type=\"wp-post\" data-elementor-id=\"97697\" class=\"elementor elementor-97697\">\n\t\t\t\t\t\t<section class=\"elementor-section elementor-top-section elementor-element elementor-element-1cuv9jr elementor-section-boxed elementor-section-height-default elementor-section-height-default\" data-id=\"1cuv9jr\" data-element_type=\"section\">\n\t\t\t\t\t\t<div class=\"elementor-container elementor-column-gap-default\">\n\t\t\t\t\t<div class=\"elementor-column elementor-col-50 elementor-top-column elementor-element elementor-element-q5zak7b\" data-id=\"q5zak7b\" data-element_type=\"column\">\n\t\t\t<div class=\"elementor-widget-wrap elementor-element-populated\">\n\t\t\t\t\t\t<div class=\"elementor-element elementor-element-f3e1a8e elementor-widget elementor-widget-wp-widget-advads_ad_widget\" data-id=\"f3e1a8e\" data-element_type=\"widget\" data-widget_type=\"wp-widget-advads_ad_widget.default\">\n\t\t\t\t<div class=\"elementor-widget-container\">\n\t\t\t<div id=\"regio-1573664456\"><div class=\"regio-adlabel\">Werbung<\/div><!-- Beginn https:\/\/www.financeads.net\/-Code --><a href=\"https:\/\/www.financeads.net\/tc.php?t=36648C19118058B\" target=\"_blank\"><img fetchpriority=\"high\" decoding=\"async\" src=\"https:\/\/www.financeads.net\/tb.php?t=36648V19118058B&https=1\" alt=\"\" border=\"0\" width=\"728\" height=\"90\"><\/a><!-- Ende https:\/\/www.financeads.net\/-Code --><\/div>\t\t<\/div>\n\t\t\t\t<\/div>\n\t\t\t\t<div class=\"elementor-element elementor-element-a4daeae elementor-widget elementor-widget-text-editor\" data-id=\"a4daeae\" data-element_type=\"widget\" data-widget_type=\"text-editor.default\">\n\t\t\t\t<div class=\"elementor-widget-container\">\n\t\t\t\t\t\t\t<h3>Polizei ermittelt wegen illegalem Autorennen auf der BAB 9 bei Greding &#8211; Zeugen gesucht<\/h3><p><span style=\"font-size: 12pt;\">Feucht \/ Mittelfranken (ots) &#8211;\u00a0Gestern Nachmittag (11.08.2019) nahm die Polizei vier Fahrer hochwertiger Autos fest, die in Verdacht stehen, sich zuvor ein illegales Rennen auf der BAB 9 geliefert zu haben. Die Fahrzeuge wurden sichergestellt.<\/span><\/p><p><span style=\"font-size: 12pt;\">Kurz nach 15:00 Uhr gingen mehrere Notrufe bei der Einsatzzentrale Mittelfranken ein: Auf H\u00f6he der Anschlussstelle Greding (Lkrs. Roth) seien vier Ferraris mit hoher Geschwindigkeit in Richtung Berlin unterwegs. Die Fahrer w\u00fcrden sich \u00e4u\u00dferst aggressiv gegen\u00fcber anderen Verkehrsteilnehmern verhalten und sich gegenseitig ein Rennen liefern. Unter anderem \u00fcberholten sie auf dem Seitenstreifen und gef\u00e4hrdeten andere Verkehrsteilnehmer.<\/span><\/p><p><span style=\"font-size: 12pt;\">Mehrere Streifenbesatzungen der Verkehrspolizeiinspektion Feucht sowie der Polizeiinspektion Lauf an der Pegnitz nahmen die Verfolgung der Autos auf. An der Anschlussstelle Trockau (Ortsteil der Stadt Pegnitz in Oberfranken) konnten die Beamten die vier Raser stoppen und einer Kontrolle unterziehen. Unterst\u00fctzung bekamen sie dabei von Streifenbesatzungen der Verkehrspolizeiinspektion Bayreuth sowie weiterer umliegender Dienststellen aus Oberfranken.<\/span><\/p><p><span style=\"font-size: 12pt;\">Die Polizisten nahmen die vier Fahrer (41, 42, 44 und 45 Jahre alt) vorl\u00e4ufig fest. Die Staatsanwaltschaft N\u00fcrnberg-F\u00fcrth ordnete die Sicherstellung deren F\u00fchrerscheine sowie aller vier Autos an. Die weiteren Ermittlungen hat die Verkehrspolizeiinspektion Feucht in enger Zusammenarbeit mit der Staatsanwaltschaft N\u00fcrnberg-F\u00fcrth \u00fcbernommen. Die Beamten leiteten gegen das Quartett entsprechende Ermittlungsverfahren &#8211; unter anderem wegen des Verdachts der verbotenen Kraftfahrzeugrennen &#8211; ein. Die M\u00e4nner befinden sich zwischenzeitlich wieder auf freiem Fu\u00df.<\/span><\/p><p><span style=\"font-size: 12pt;\">Zeugen, die das Verhalten der Ferrari-Fahrer beobachtet haben bzw. selbst durch deren Fahrweise gef\u00e4hrdet wurden, werden gebeten, sich mit der Verkehrspolizei Feucht unter der Telefonnummer 09128 9197-0 in Verbindung zu setzen.<\/span><\/p><p><strong><span style=\"font-size: 12pt;\">Alexandra Federl\/n<\/span><\/strong><\/p><p><span style=\"font-size: 12pt;\">Original-Content von: Polizeipr\u00e4sidium Mittelfranken<\/span><\/p>\t\t\t\t\t\t<\/div>\n\t\t\t\t<\/div>\n\t\t\t\t<div class=\"elementor-element elementor-element-ace1283 elementor-widget-divider--view-line elementor-widget elementor-widget-divider\" data-id=\"ace1283\" data-element_type=\"widget\" data-widget_type=\"divider.default\">\n\t\t\t\t<div class=\"elementor-widget-container\">\n\t\t\t\t\t<div class=\"elementor-divider\">\n\t\t\t<span class=\"elementor-divider-separator\">\n\t\t\t\t\t\t<\/span>\n\t\t<\/div>\n\t\t\t\t<\/div>\n\t\t\t\t<\/div>\n\t\t\t\t<div class=\"elementor-element elementor-element-83d1a63 elementor-widget elementor-widget-google_maps\" data-id=\"83d1a63\" data-element_type=\"widget\" data-widget_type=\"google_maps.default\">\n\t\t\t\t<div class=\"elementor-widget-container\">\n\t\t\t\t\t<div class=\"elementor-custom-embed\">\n\t\t\t<iframe loading=\"lazy\"\n\t\t\t\t\tsrc=\"https:\/\/maps.google.com\/maps?q=Greding%2C%20Deutschland&#038;t=m&#038;z=14&#038;output=embed&#038;iwloc=near\"\n\t\t\t\t\ttitle=\"Greding, Deutschland\"\n\t\t\t\t\taria-label=\"Greding, Deutschland\"\n\t\t\t><\/iframe>\n\t\t<\/div>\n\t\t\t\t<\/div>\n\t\t\t\t<\/div>\n\t\t\t\t\t<\/div>\n\t\t<\/div>\n\t\t\t\t<div class=\"elementor-column elementor-col-50 elementor-top-column elementor-element elementor-element-bca16a1\" data-id=\"bca16a1\" data-element_type=\"column\">\n\t\t\t<div class=\"elementor-widget-wrap elementor-element-populated\">\n\t\t\t\t\t\t<div class=\"elementor-element elementor-element-d99c01b elementor-widget elementor-widget-heading\" data-id=\"d99c01b\" data-element_type=\"widget\" data-widget_type=\"heading.default\">\n\t\t\t\t<div class=\"elementor-widget-container\">\n\t\t\t<h3 class=\"elementor-heading-title elementor-size-default\">Schnell vergleichen und sparen!<\/h3>\t\t<\/div>\n\t\t\t\t<\/div>\n\t\t\t\t<div class=\"elementor-element elementor-element-f8fcb73 elementor-widget elementor-widget-wp-widget-advads_ad_widget\" data-id=\"f8fcb73\" data-element_type=\"widget\" data-widget_type=\"wp-widget-advads_ad_widget.default\">\n\t\t\t\t<div class=\"elementor-widget-container\">\n\t\t\t<div id=\"regio-2103547920\"><div class=\"regio-adlabel\">Werbung<\/div><!-- Beginn https:\/\/www.financeads.net\/-Code --><a href=\"https:\/\/www.financeads.net\/tc.php?t=36648C236142529B\" target=\"_blank\"><img decoding=\"async\" src=\"https:\/\/www.financeads.net\/tb.php?t=36648V236142529B&https=1\" alt=\"\" border=\"0\" width=\"300\" height=\"250\"><\/a><!-- Ende https:\/\/www.financeads.net\/-Code --><\/div>\t\t<\/div>\n\t\t\t\t<\/div>\n\t\t\t\t<div class=\"elementor-element elementor-element-76d498a elementor-widget elementor-widget-wp-widget-advads_ad_widget\" data-id=\"76d498a\" data-element_type=\"widget\" data-widget_type=\"wp-widget-advads_ad_widget.default\">\n\t\t\t\t<div class=\"elementor-widget-container\">\n\t\t\t<div id=\"regio-4054859517\"><div class=\"regio-adlabel\">Werbung<\/div><!-- Beginn https:\/\/www.financeads.net\/-Code --><a href=\"https:\/\/www.financeads.net\/tc.php?t=36648C42614510B\" target=\"_blank\"><img decoding=\"async\" src=\"https:\/\/www.financeads.net\/tb.php?t=36648V42614510B&https=1\" alt=\"\" border=\"0\" width=\"200\" height=\"300\"><\/a><!-- Ende https:\/\/www.financeads.net\/-Code --><\/div>\t\t<\/div>\n\t\t\t\t<\/div>\n\t\t\t\t<div class=\"elementor-element elementor-element-22c1304 elementor-widget elementor-widget-wp-widget-advads_ad_widget\" data-id=\"22c1304\" data-element_type=\"widget\" data-widget_type=\"wp-widget-advads_ad_widget.default\">\n\t\t\t\t<div class=\"elementor-widget-container\">\n\t\t\t<div id=\"regio-1706977291\"><div class=\"regio-adlabel\">Werbung<\/div><!-- Beginn https:\/\/www.financeads.net\/-Code --><a href=\"https:\/\/www.financeads.net\/tc.php?t=36648C205040072B\" target=\"_blank\"><img loading=\"lazy\" decoding=\"async\" src=\"https:\/\/www.financeads.net\/tb.php?t=36648V205040072B&https=1\" alt=\"\" border=\"0\" width=\"300\" height=\"250\"><\/a><!-- Ende https:\/\/www.financeads.net\/-Code --><\/div>\t\t<\/div>\n\t\t\t\t<\/div>\n\t\t\t\t<div class=\"elementor-element elementor-element-a79da85 elementor-widget elementor-widget-wp-widget-advads_ad_widget\" data-id=\"a79da85\" data-element_type=\"widget\" data-widget_type=\"wp-widget-advads_ad_widget.default\">\n\t\t\t\t<div class=\"elementor-widget-container\">\n\t\t\t<div id=\"regio-2161734622\"><div class=\"regio-adlabel\">Werbung<\/div><!-- Beginn https:\/\/www.financeads.net\/-Code --><a href=\"https:\/\/www.financeads.net\/tc.php?t=36648C271460142B\" target=\"_blank\"><img loading=\"lazy\" decoding=\"async\" src=\"https:\/\/www.financeads.net\/tb.php?t=36648V271460142B&https=1\" alt=\"PETPROTECT_Hund&Katze_Banner\" border=\"0\" width=\"250\" height=\"250\"><\/a><!-- Ende https:\/\/www.financeads.net\/-Code --><\/div>\t\t<\/div>\n\t\t\t\t<\/div>\n\t\t\t\t\t<\/div>\n\t\t<\/div>\n\t\t\t\t\t<\/div>\n\t\t<\/section>\n\t\t\t\t<\/div>\n\t\t","protected":false},"excerpt":{"rendered":"<div class=\"mh-excerpt\"><p>Polizei ermittelt wegen illegalem Autorennen auf der BAB 9 bei Greding &#8211; Zeugen gesucht Feucht \/ Mittelfranken (ots) &#8211;\u00a0Gestern Nachmittag (11.08.2019) nahm die Polizei vier Fahrer hochwertiger Autos fest, die in Verdacht stehen, sich zuvor <a class=\"mh-excerpt-more\" href=\"https:\/\/www.region-schwabach.de\/wordpress\/polizei-ermittelt-wegen-illegalem-autorennen-auf-der-bab-9-bei-greding\/\" title=\"Polizei ermittelt wegen illegalem Autorennen auf der BAB 9 bei Greding\">[&#8230;]<\/a><\/p>\n<\/div>","protected":false},"author":1,"featured_media":97698,"comment_status":"open","ping_status":"open","sticky":false,"template":"","format":"standard","meta":{"_cbd_carousel_blocks":"[]","footnotes":""},"categories":[16,15],"tags":[10272,1098,10310,43,1354,10309,10312,981,9457,2562,10311,8150,4903],"class_list":{"0":"post-97697","1":"post","2":"type-post","3":"status-publish","4":"format-standard","5":"has-post-thumbnail","7":"category-aktuell","8":"category-polizeimeldungen","9":"tag-11-08-2019","10":"tag-bab-9","11":"tag-ferrari","12":"tag-festnahme","13":"tag-greding","14":"tag-illegales-autorennen","15":"tag-landkreis-roth","16":"tag-polizei","17":"tag-seitenstreifen","18":"tag-verfolgung","19":"tag-verkehrsteilnehmer-gefaehrdet","20":"tag-weitere-geschaedigte-gesucht","21":"tag-zeugen-gesucht"},"_links":{"self":[{"href":"https:\/\/www.region-schwabach.de\/wordpress\/wp-json\/wp\/v2\/posts\/97697","targetHints":{"allow":["GET"]}}],"collection":[{"href":"https:\/\/www.region-schwabach.de\/wordpress\/wp-json\/wp\/v2\/posts"}],"about":[{"href":"https:\/\/www.region-schwabach.de\/wordpress\/wp-json\/wp\/v2\/types\/post"}],"author":[{"embeddable":true,"href":"https:\/\/www.region-schwabach.de\/wordpress\/wp-json\/wp\/v2\/users\/1"}],"replies":[{"embeddable":true,"href":"https:\/\/www.region-schwabach.de\/wordpress\/wp-json\/wp\/v2\/comments?post=97697"}],"version-history":[{"count":0,"href":"https:\/\/www.region-schwabach.de\/wordpress\/wp-json\/wp\/v2\/posts\/97697\/revisions"}],"wp:featuredmedia":[{"embeddable":true,"href":"https:\/\/www.region-schwabach.de\/wordpress\/wp-json\/wp\/v2\/media\/97698"}],"wp:attachment":[{"href":"https:\/\/www.region-schwabach.de\/wordpress\/wp-json\/wp\/v2\/media?parent=97697"}],"wp:term":[{"taxonomy":"category","embeddable":true,"href":"https:\/\/www.region-schwabach.de\/wordpress\/wp-json\/wp\/v2\/categories?post=97697"},{"taxonomy":"post_tag","embeddable":true,"href":"https:\/\/www.region-schwabach.de\/wordpress\/wp-json\/wp\/v2\/tags?post=97697"}],"curies":[{"name":"wp","href":"https:\/\/api.w.org\/{rel}","templated":true}]}}