{"id":981,"date":"2017-05-04T19:37:55","date_gmt":"2017-05-04T17:37:55","guid":{"rendered":"http:\/\/www.region-schwabach.de\/wordpress\/?p=981"},"modified":"2017-10-16T00:38:27","modified_gmt":"2017-10-15T22:38:27","slug":"strassensperrung-rother-strasse-b2-6-7-mai-2017","status":"publish","type":"post","link":"https:\/\/www.region-schwabach.de\/wordpress\/strassensperrung-rother-strasse-b2-6-7-mai-2017\/","title":{"rendered":"Stra\u00dfensperrung &#8222;Rother Stra\u00dfe (B2)&#8220; (6.\/7. Mai 2017)"},"content":{"rendered":"\t\t<div data-elementor-type=\"wp-post\" data-elementor-id=\"981\" class=\"elementor elementor-981 elementor-bc-flex-widget\">\n\t\t\t\t\t\t<section class=\"elementor-section elementor-top-section elementor-element elementor-element-dapdwle elementor-section-boxed elementor-section-height-default elementor-section-height-default\" data-id=\"dapdwle\" data-element_type=\"section\">\n\t\t\t\t\t\t<div class=\"elementor-container elementor-column-gap-default\">\n\t\t\t\t\t<div class=\"elementor-column elementor-col-100 elementor-top-column elementor-element elementor-element-v6b0qfc\" data-id=\"v6b0qfc\" data-element_type=\"column\">\n\t\t\t<div class=\"elementor-widget-wrap elementor-element-populated\">\n\t\t\t\t\t\t<div class=\"elementor-element elementor-element-af55hmq elementor-widget elementor-widget-text-editor\" data-id=\"af55hmq\" data-element_type=\"widget\" data-widget_type=\"text-editor.default\">\n\t\t\t\t<div class=\"elementor-widget-container\">\n\t\t\t\t\t\t\t<h3>Folge\u00a0des laufenden 6-streifigen Ausbaus der A6<\/h3><p>Wegen Br\u00fcckenabbrucharbeiten kommt es von Samstag, den 6. Mai (ab 21.00 Uhr) bis Sonntag, den 7. Mai 2017 (bis 10.00 Uhr) zur Sperrung der Rother Stra\u00dfe (B2) unter der A6.<\/p><h3>Umleitung wird eingerichtet<\/h3><p>F\u00fcr beide Fahrtrichtungen wird eine Umleitung \u00fcber die Berliner Stra\u00dfe, Penzendorfer Hauptstra\u00dfe, Penzendorfer Stra\u00dfe und Wei\u00dfenburger Stra\u00dfe eingerichtet.<\/p><h3>Sperrung betrifft auch Geh- und Radwege<\/h3><p>Die\u00a0Sperrung der Rother Stra\u00dfe betrifft\u00a0auch die Geh- und Radwege in diesem Bereich.<\/p>\t\t\t\t\t\t<\/div>\n\t\t\t\t<\/div>\n\t\t\t\t<div class=\"elementor-element elementor-element-iwpaot7 elementor-widget elementor-widget-google_maps\" data-id=\"iwpaot7\" data-element_type=\"widget\" data-widget_type=\"google_maps.default\">\n\t\t\t\t<div class=\"elementor-widget-container\">\n\t\t\t\t\t<div class=\"elementor-custom-embed\">\n\t\t\t<iframe loading=\"lazy\"\n\t\t\t\t\tsrc=\"https:\/\/maps.google.com\/maps?q=Rother%20Str.%2C%20Schwabach%2C%20Deutschland&#038;t=m&#038;z=15&#038;output=embed&#038;iwloc=near\"\n\t\t\t\t\ttitle=\"Rother Str., Schwabach, Deutschland\"\n\t\t\t\t\taria-label=\"Rother Str., Schwabach, Deutschland\"\n\t\t\t><\/iframe>\n\t\t<\/div>\n\t\t\t\t<\/div>\n\t\t\t\t<\/div>\n\t\t\t\t\t<\/div>\n\t\t<\/div>\n\t\t\t\t\t<\/div>\n\t\t<\/section>\n\t\t\t\t<\/div>\n\t\t","protected":false},"excerpt":{"rendered":"<div class=\"mh-excerpt\"><p>Folge\u00a0des laufenden 6-streifigen Ausbaus der A6 Wegen Br\u00fcckenabbrucharbeiten kommt es von Samstag, den 6. Mai (ab 21.00 Uhr) bis Sonntag, den 7. Mai 2017 (bis 10.00 Uhr) zur Sperrung der Rother Stra\u00dfe (B2) unter der <a class=\"mh-excerpt-more\" href=\"https:\/\/www.region-schwabach.de\/wordpress\/strassensperrung-rother-strasse-b2-6-7-mai-2017\/\" title=\"Stra\u00dfensperrung &#8222;Rother Stra\u00dfe (B2)&#8220; (6.\/7. Mai 2017)\">[&#8230;]<\/a><\/p>\n<\/div>","protected":false},"author":1,"featured_media":14960,"comment_status":"open","ping_status":"open","sticky":false,"template":"","format":"standard","meta":{"_cbd_carousel_blocks":"[]","footnotes":""},"categories":[16,14],"tags":[],"class_list":{"0":"post-981","1":"post","2":"type-post","3":"status-publish","4":"format-standard","5":"has-post-thumbnail","7":"category-aktuell","8":"category-verkehrsinfos"},"_links":{"self":[{"href":"https:\/\/www.region-schwabach.de\/wordpress\/wp-json\/wp\/v2\/posts\/981","targetHints":{"allow":["GET"]}}],"collection":[{"href":"https:\/\/www.region-schwabach.de\/wordpress\/wp-json\/wp\/v2\/posts"}],"about":[{"href":"https:\/\/www.region-schwabach.de\/wordpress\/wp-json\/wp\/v2\/types\/post"}],"author":[{"embeddable":true,"href":"https:\/\/www.region-schwabach.de\/wordpress\/wp-json\/wp\/v2\/users\/1"}],"replies":[{"embeddable":true,"href":"https:\/\/www.region-schwabach.de\/wordpress\/wp-json\/wp\/v2\/comments?post=981"}],"version-history":[{"count":0,"href":"https:\/\/www.region-schwabach.de\/wordpress\/wp-json\/wp\/v2\/posts\/981\/revisions"}],"wp:featuredmedia":[{"embeddable":true,"href":"https:\/\/www.region-schwabach.de\/wordpress\/wp-json\/wp\/v2\/media\/14960"}],"wp:attachment":[{"href":"https:\/\/www.region-schwabach.de\/wordpress\/wp-json\/wp\/v2\/media?parent=981"}],"wp:term":[{"taxonomy":"category","embeddable":true,"href":"https:\/\/www.region-schwabach.de\/wordpress\/wp-json\/wp\/v2\/categories?post=981"},{"taxonomy":"post_tag","embeddable":true,"href":"https:\/\/www.region-schwabach.de\/wordpress\/wp-json\/wp\/v2\/tags?post=981"}],"curies":[{"name":"wp","href":"https:\/\/api.w.org\/{rel}","templated":true}]}}