{"id":99196,"date":"2019-09-09T05:51:58","date_gmt":"2019-09-09T03:51:58","guid":{"rendered":"http:\/\/www.region-schwabach.de\/wordpress\/?p=99196"},"modified":"2019-09-09T10:04:08","modified_gmt":"2019-09-09T08:04:08","slug":"infos-der-rother-polizei-zum-schulanfang","status":"publish","type":"post","link":"https:\/\/www.region-schwabach.de\/wordpress\/infos-der-rother-polizei-zum-schulanfang\/","title":{"rendered":"Infos der Rother Polizei zum Schulanfang"},"content":{"rendered":"\t\t<div data-elementor-type=\"wp-post\" data-elementor-id=\"99196\" class=\"elementor elementor-99196\">\n\t\t\t\t\t\t<section class=\"elementor-section elementor-top-section elementor-element elementor-element-1cuv9jr elementor-section-boxed elementor-section-height-default elementor-section-height-default\" data-id=\"1cuv9jr\" data-element_type=\"section\">\n\t\t\t\t\t\t<div class=\"elementor-container elementor-column-gap-default\">\n\t\t\t\t\t<div class=\"elementor-column elementor-col-50 elementor-top-column elementor-element elementor-element-q5zak7b\" data-id=\"q5zak7b\" data-element_type=\"column\">\n\t\t\t<div class=\"elementor-widget-wrap elementor-element-populated\">\n\t\t\t\t\t\t<div class=\"elementor-element elementor-element-f3e1a8e elementor-widget elementor-widget-wp-widget-advads_ad_widget\" data-id=\"f3e1a8e\" data-element_type=\"widget\" data-widget_type=\"wp-widget-advads_ad_widget.default\">\n\t\t\t\t<div class=\"elementor-widget-container\">\n\t\t\t<div id=\"regio-9221593\"><div class=\"regio-adlabel\">Werbung<\/div><!-- Beginn https:\/\/www.financeads.net\/-Code --><a href=\"https:\/\/www.financeads.net\/tc.php?t=36648C19118058B\" target=\"_blank\"><img fetchpriority=\"high\" decoding=\"async\" src=\"https:\/\/www.financeads.net\/tb.php?t=36648V19118058B&https=1\" alt=\"\" border=\"0\" width=\"728\" height=\"90\"><\/a><!-- Ende https:\/\/www.financeads.net\/-Code --><\/div>\t\t<\/div>\n\t\t\t\t<\/div>\n\t\t\t\t<div class=\"elementor-element elementor-element-a4daeae elementor-widget elementor-widget-text-editor\" data-id=\"a4daeae\" data-element_type=\"widget\" data-widget_type=\"text-editor.default\">\n\t\t\t\t<div class=\"elementor-widget-container\">\n\t\t\t\t\t\t\t<h3>P r e s s e m i t t e i l u n g<\/h3><h3>Achtung &#8211; Schulanf\u00e4nger<\/h3><p><span style=\"font-size: 12pt;\">N\u00e4chsten Dienstag beginnt auch f\u00fcr die bayerischen Abc-Sch\u00fctzen die Schulzeit und damit ein v\u00f6llig neuer Lebensabschnitt, verbunden mit regelm\u00e4\u00dfiger, aktiver Teilnahme am Stra\u00dfenverkehr. Unser aller Ziel muss es sein, Kinder im Allgemeinen und auf dem Schulweg mit all seinen Gefahren im Besonderen zu sch\u00fctzen.<\/span><\/p><p><span style=\"font-size: 12pt;\">Einen nicht zu untersch\u00e4tzenden Beitrag k\u00f6nnen und m\u00fcssen dabei auch die Eltern leisten. Sie sollten den Schulweg mit ihren Kleinen regelrecht \u201etrainieren\u201c, indem sie ihn schon einige Tage vor Schulbeginn und vor allem in den ersten Schultagen gemeinsam mit ihrem Kind abgehen. Oberste Priorit\u00e4t sollten spezielle Hinweise auf m\u00f6gliche Gefahrenpunkte haben.<\/span><\/p><p><span style=\"font-size: 12pt;\">Zu beachten gilt: Erwachsene sind mit den Gefahren des Stra\u00dfenverkehrs ja meist recht gut vertraut. Im Gegensatz dazu m\u00fcssen unsere Kinder erst noch lernen, Fehler zu vermeiden. Erfahrungsgem\u00e4\u00df geraten sie immer wieder in kritische Situationen, wenn sie ohne weiter auf den Verkehr zu achten, Stra\u00dfen \u00fcberqueren oder gar unvermutet aus der Deckung von Sichthindernissen, wie es gerade auch parkende Autos sind, auftauchen.<\/span><\/p><p><span style=\"font-size: 12pt;\">Sind Hast und Eile schon im normalen Verkehrsablauf keine guten Begleiter, auf dem Weg zur Schule k\u00f6nnen sie lebensgef\u00e4hrlich werden. Vor allem Schulanf\u00e4nger sollten deshalb so zeitig losgeschickt werden, dass ihnen immer noch ein gewisses Zeitpolster verbleibt. Selbstverst\u00e4ndlich f\u00fcr Eltern sollte auch sein, ihre Kleinen, wegen der nahenden, \u201edunkleren\u201c Jahreszeiten, immer nur m\u00f6glichst hell und auff\u00e4llig gekleidet aus dem Haus zu lassen, damit sie von anderen Verkehrsteilnehmern m\u00f6glichst fr\u00fchzeitig bemerkt werden.<\/span><\/p><p><span style=\"font-size: 12pt;\">M\u00fcssen die Kinder unbedingt zur Schule gefahren werden, darf trotz Schulranzens ihre ordentliche Sicherung im Auto keinesfalls irgendwelchem Zeitdruck oder schlimmer noch der Bequemlichkeit geopfert werden. Weiter m\u00fcsste es sich eigentlich von selbst verstehen, dass auch alle anderen Verkehrsteilnehmer aufgefordert sind, durch besonders r\u00fccksichtsvolles Verhalten im Verkehr zum Schutz unserer Kinder beizutragen.<\/span><\/p><p><span style=\"font-size: 12pt;\">Fahrzeugf\u00fchrer sollten immer bedenken, dass die Kleinen weder Geschwindigkeiten noch Entfernungen richtig ab- und einsch\u00e4tzen k\u00f6nnen und m\u00f6glicherweise spontan und v\u00f6llig \u00fcberraschend reagieren.<\/span><\/p><p><span style=\"font-size: 12pt;\">Zu besonderen Gefahrenmomenten befragt, empfinden Grundschulkinder Autos h\u00e4ufig als zu schnell, zu unvorsichtig beim Abbiegen sowie als gef\u00e4hrliches Sichthindernis beim verbotenen Parken auf Geh- und Radwegen und ganz besonders vor Schulen und Fu\u00dfg\u00e4nger\u00fcberwegen.<\/span><\/p><p><span style=\"font-size: 12pt;\">Deshalb der eindringliche Appell der Polizei an alle \u201eGro\u00dfen\u201c: Seien Sie unseren Kleinen stets ein Vorbild und immer aufmerksamer und r\u00fccksichtsvoller Partner im Stra\u00dfenverkehr. Das gilt auch im Verhalten gegen\u00fcber Sch\u00fclerlotsen und Schulweghelfern. Sie setzen sich bei Wind und Wetter aktiv f\u00fcr den Schutz unserer Schulkinder ein und sollten deshalb auch durch besondere Achtsamkeit in ihrem so wertvollen Handeln unterst\u00fctzt werden.<\/span><\/p><p><span style=\"font-size: 12pt;\">Im \u00dcbrigen sei hier noch der Rat an die Eltern der kleineren Schulkinder erlaubt, ihre Kinder beim Thema Schulweg nicht zu \u00fcberfordern und unn\u00f6tig in Gefahr zu bringen. Bis zur Radfahrausbildung in der 4. Klasse sollten Sch\u00fcler keinesfalls mit dem Fahrrad allein zur Schule fahren, weil sie meist weder k\u00f6rperlich noch geistig den enormen und st\u00e4ndig zunehmenden Herausforderungen des heutigen Stra\u00dfenverkehrs gewachsen sind.<\/span><\/p><p><span style=\"font-size: 12pt;\">Seien Sie nicht \u00fcberrascht, wenn die Rother Polizei in den ersten Schulwochen, wie in all den Jahren zuvor, besonders gro\u00dfes Augenmerk auf die Schulwege, aber auch das n\u00e4here Schulumfeld richtet und dabei gegen\u00fcber \u201eNegativ-Vorbildern\u201c, wie etwa gef\u00e4hrdenden Falschparkern, Gurt- und Kindersitzmuffeln sowie Geschwindigkeitss\u00fcndern, eher wenig Nachsicht \u00fcben wird.<\/span><\/p><p><strong><span style=\"font-size: 12pt;\">Rock, PHK Sachbearbeiter Verkehr<\/span><\/strong><\/p>\t\t\t\t\t\t<\/div>\n\t\t\t\t<\/div>\n\t\t\t\t<div class=\"elementor-element elementor-element-ace1283 elementor-widget-divider--view-line elementor-widget elementor-widget-divider\" data-id=\"ace1283\" data-element_type=\"widget\" data-widget_type=\"divider.default\">\n\t\t\t\t<div class=\"elementor-widget-container\">\n\t\t\t\t\t<div class=\"elementor-divider\">\n\t\t\t<span class=\"elementor-divider-separator\">\n\t\t\t\t\t\t<\/span>\n\t\t<\/div>\n\t\t\t\t<\/div>\n\t\t\t\t<\/div>\n\t\t\t\t<div class=\"elementor-element elementor-element-83d1a63 elementor-widget elementor-widget-google_maps\" data-id=\"83d1a63\" data-element_type=\"widget\" data-widget_type=\"google_maps.default\">\n\t\t\t\t<div class=\"elementor-widget-container\">\n\t\t\t\t\t<div class=\"elementor-custom-embed\">\n\t\t\t<iframe loading=\"lazy\"\n\t\t\t\t\tsrc=\"https:\/\/maps.google.com\/maps?q=Roth%2C%20Deutschland&#038;t=m&#038;z=15&#038;output=embed&#038;iwloc=near\"\n\t\t\t\t\ttitle=\"Roth, Deutschland\"\n\t\t\t\t\taria-label=\"Roth, Deutschland\"\n\t\t\t><\/iframe>\n\t\t<\/div>\n\t\t\t\t<\/div>\n\t\t\t\t<\/div>\n\t\t\t\t\t<\/div>\n\t\t<\/div>\n\t\t\t\t<div class=\"elementor-column elementor-col-50 elementor-top-column elementor-element elementor-element-bca16a1\" data-id=\"bca16a1\" data-element_type=\"column\">\n\t\t\t<div class=\"elementor-widget-wrap elementor-element-populated\">\n\t\t\t\t\t\t<div class=\"elementor-element elementor-element-d99c01b elementor-widget elementor-widget-heading\" data-id=\"d99c01b\" data-element_type=\"widget\" data-widget_type=\"heading.default\">\n\t\t\t\t<div class=\"elementor-widget-container\">\n\t\t\t<h3 class=\"elementor-heading-title elementor-size-default\">Schnell vergleichen und sparen!<\/h3>\t\t<\/div>\n\t\t\t\t<\/div>\n\t\t\t\t<div class=\"elementor-element elementor-element-f8fcb73 elementor-widget elementor-widget-wp-widget-advads_ad_widget\" data-id=\"f8fcb73\" data-element_type=\"widget\" data-widget_type=\"wp-widget-advads_ad_widget.default\">\n\t\t\t\t<div class=\"elementor-widget-container\">\n\t\t\t<div id=\"regio-2321231821\"><div class=\"regio-adlabel\">Werbung<\/div><!-- Beginn https:\/\/www.financeads.net\/-Code --><a href=\"https:\/\/www.financeads.net\/tc.php?t=36648C236142529B\" target=\"_blank\"><img decoding=\"async\" src=\"https:\/\/www.financeads.net\/tb.php?t=36648V236142529B&https=1\" alt=\"\" border=\"0\" width=\"300\" height=\"250\"><\/a><!-- Ende https:\/\/www.financeads.net\/-Code --><\/div>\t\t<\/div>\n\t\t\t\t<\/div>\n\t\t\t\t<div class=\"elementor-element elementor-element-76d498a elementor-widget elementor-widget-wp-widget-advads_ad_widget\" data-id=\"76d498a\" data-element_type=\"widget\" data-widget_type=\"wp-widget-advads_ad_widget.default\">\n\t\t\t\t<div class=\"elementor-widget-container\">\n\t\t\t<div id=\"regio-609050064\"><div class=\"regio-adlabel\">Werbung<\/div><!-- Beginn https:\/\/www.financeads.net\/-Code --><a href=\"https:\/\/www.financeads.net\/tc.php?t=36648C42614510B\" target=\"_blank\"><img decoding=\"async\" src=\"https:\/\/www.financeads.net\/tb.php?t=36648V42614510B&https=1\" alt=\"\" border=\"0\" width=\"200\" height=\"300\"><\/a><!-- Ende https:\/\/www.financeads.net\/-Code --><\/div>\t\t<\/div>\n\t\t\t\t<\/div>\n\t\t\t\t<div class=\"elementor-element elementor-element-22c1304 elementor-widget elementor-widget-wp-widget-advads_ad_widget\" data-id=\"22c1304\" data-element_type=\"widget\" data-widget_type=\"wp-widget-advads_ad_widget.default\">\n\t\t\t\t<div class=\"elementor-widget-container\">\n\t\t\t<div id=\"regio-3235696288\"><div class=\"regio-adlabel\">Werbung<\/div><!-- Beginn https:\/\/www.financeads.net\/-Code --><a href=\"https:\/\/www.financeads.net\/tc.php?t=36648C205040072B\" target=\"_blank\"><img loading=\"lazy\" decoding=\"async\" src=\"https:\/\/www.financeads.net\/tb.php?t=36648V205040072B&https=1\" alt=\"\" border=\"0\" width=\"300\" height=\"250\"><\/a><!-- Ende https:\/\/www.financeads.net\/-Code --><\/div>\t\t<\/div>\n\t\t\t\t<\/div>\n\t\t\t\t<div class=\"elementor-element elementor-element-a79da85 elementor-widget elementor-widget-wp-widget-advads_ad_widget\" data-id=\"a79da85\" data-element_type=\"widget\" data-widget_type=\"wp-widget-advads_ad_widget.default\">\n\t\t\t\t<div class=\"elementor-widget-container\">\n\t\t\t<div id=\"regio-2627235650\"><div class=\"regio-adlabel\">Werbung<\/div><!-- Beginn https:\/\/www.financeads.net\/-Code --><a href=\"https:\/\/www.financeads.net\/tc.php?t=36648C271460142B\" target=\"_blank\"><img loading=\"lazy\" decoding=\"async\" src=\"https:\/\/www.financeads.net\/tb.php?t=36648V271460142B&https=1\" alt=\"PETPROTECT_Hund&Katze_Banner\" border=\"0\" width=\"250\" height=\"250\"><\/a><!-- Ende https:\/\/www.financeads.net\/-Code --><\/div>\t\t<\/div>\n\t\t\t\t<\/div>\n\t\t\t\t\t<\/div>\n\t\t<\/div>\n\t\t\t\t\t<\/div>\n\t\t<\/section>\n\t\t\t\t<\/div>\n\t\t","protected":false},"excerpt":{"rendered":"<div class=\"mh-excerpt\"><p>P r e s s e m i t t e i l u n g Achtung &#8211; Schulanf\u00e4nger N\u00e4chsten Dienstag beginnt auch f\u00fcr die bayerischen Abc-Sch\u00fctzen die Schulzeit und damit ein v\u00f6llig neuer Lebensabschnitt, <a class=\"mh-excerpt-more\" href=\"https:\/\/www.region-schwabach.de\/wordpress\/infos-der-rother-polizei-zum-schulanfang\/\" title=\"Infos der Rother Polizei zum Schulanfang\">[&#8230;]<\/a><\/p>\n<\/div>","protected":false},"author":1,"featured_media":99197,"comment_status":"open","ping_status":"open","sticky":false,"template":"","format":"standard","meta":{"_cbd_carousel_blocks":"[]","footnotes":""},"categories":[15],"tags":[10556,10600,10604,10601,981,7469,5808,32,1097,10602,1131,3054,7537,10603],"class_list":{"0":"post-99196","1":"post","2":"type-post","3":"status-publish","4":"format-standard","5":"has-post-thumbnail","7":"category-polizeimeldungen","8":"tag-06-09-2019","9":"tag-10-09-2019","10":"tag-abc-schuetzen","11":"tag-infos","12":"tag-polizei","13":"tag-polizei-roth","14":"tag-pressemitteilung","15":"tag-roth","16":"tag-schulanfang","17":"tag-schulanfaenger","18":"tag-schulweg","19":"tag-strassenverkehr","20":"tag-tipps","21":"tag-verhaltensregeln"},"_links":{"self":[{"href":"https:\/\/www.region-schwabach.de\/wordpress\/wp-json\/wp\/v2\/posts\/99196","targetHints":{"allow":["GET"]}}],"collection":[{"href":"https:\/\/www.region-schwabach.de\/wordpress\/wp-json\/wp\/v2\/posts"}],"about":[{"href":"https:\/\/www.region-schwabach.de\/wordpress\/wp-json\/wp\/v2\/types\/post"}],"author":[{"embeddable":true,"href":"https:\/\/www.region-schwabach.de\/wordpress\/wp-json\/wp\/v2\/users\/1"}],"replies":[{"embeddable":true,"href":"https:\/\/www.region-schwabach.de\/wordpress\/wp-json\/wp\/v2\/comments?post=99196"}],"version-history":[{"count":0,"href":"https:\/\/www.region-schwabach.de\/wordpress\/wp-json\/wp\/v2\/posts\/99196\/revisions"}],"wp:featuredmedia":[{"embeddable":true,"href":"https:\/\/www.region-schwabach.de\/wordpress\/wp-json\/wp\/v2\/media\/99197"}],"wp:attachment":[{"href":"https:\/\/www.region-schwabach.de\/wordpress\/wp-json\/wp\/v2\/media?parent=99196"}],"wp:term":[{"taxonomy":"category","embeddable":true,"href":"https:\/\/www.region-schwabach.de\/wordpress\/wp-json\/wp\/v2\/categories?post=99196"},{"taxonomy":"post_tag","embeddable":true,"href":"https:\/\/www.region-schwabach.de\/wordpress\/wp-json\/wp\/v2\/tags?post=99196"}],"curies":[{"name":"wp","href":"https:\/\/api.w.org\/{rel}","templated":true}]}}