{"id":99499,"date":"2019-09-22T01:16:37","date_gmt":"2019-09-21T23:16:37","guid":{"rendered":"http:\/\/www.region-schwabach.de\/wordpress\/?p=99499"},"modified":"2019-09-22T02:00:44","modified_gmt":"2019-09-22T00:00:44","slug":"schwabacher-herbstkirchweih-vom-13-bis-22-september-2019","status":"publish","type":"post","link":"https:\/\/www.region-schwabach.de\/wordpress\/schwabacher-herbstkirchweih-vom-13-bis-22-september-2019\/","title":{"rendered":"Schwabacher Herbstkirchweih vom 13. bis 22. September 2019"},"content":{"rendered":"\t\t<div data-elementor-type=\"wp-post\" data-elementor-id=\"99499\" class=\"elementor elementor-99499\">\n\t\t\t\t\t\t<section class=\"elementor-section elementor-top-section elementor-element elementor-element-1dzeyuh elementor-section-boxed elementor-section-height-default elementor-section-height-default\" data-id=\"1dzeyuh\" data-element_type=\"section\">\n\t\t\t\t\t\t<div class=\"elementor-container elementor-column-gap-default\">\n\t\t\t\t\t<div class=\"elementor-column elementor-col-50 elementor-top-column elementor-element elementor-element-aam59ft\" data-id=\"aam59ft\" data-element_type=\"column\">\n\t\t\t<div class=\"elementor-widget-wrap elementor-element-populated\">\n\t\t\t\t\t\t<div class=\"elementor-element elementor-element-29933c0 elementor-widget elementor-widget-wp-widget-advads_ad_widget\" data-id=\"29933c0\" data-element_type=\"widget\" data-widget_type=\"wp-widget-advads_ad_widget.default\">\n\t\t\t\t<div class=\"elementor-widget-container\">\n\t\t\t<div id=\"regio-930297204\"><div class=\"regio-adlabel\">Werbung<\/div><!-- Beginn https:\/\/www.financeads.net\/-Code --><a href=\"https:\/\/www.financeads.net\/tc.php?t=36648C19118058B\" target=\"_blank\"><img fetchpriority=\"high\" decoding=\"async\" src=\"https:\/\/www.financeads.net\/tb.php?t=36648V19118058B&https=1\" alt=\"\" border=\"0\" width=\"728\" height=\"90\"><\/a><!-- Ende https:\/\/www.financeads.net\/-Code --><\/div>\t\t<\/div>\n\t\t\t\t<\/div>\n\t\t\t\t<div class=\"elementor-element elementor-element-k9p1oyc elementor-widget elementor-widget-text-editor\" data-id=\"k9p1oyc\" data-element_type=\"widget\" data-widget_type=\"text-editor.default\">\n\t\t\t\t<div class=\"elementor-widget-container\">\n\t\t\t\t\t\t\t<h3>Schwabacher Herbstvolksfest vom 13. bis 22. September 2019<\/h3><p><span style=\"font-size: 12pt;\">Schwabach &#8211; Von Freitag, den 13.09.2019 bis Sonntag, den 22.09.2019 findet wieder die allseits beliebte Schwabacher Herbstkirchweih statt.<\/span><\/p><p><span style=\"font-size: 12pt;\">10 Tage lang wird auf dem K\u00f6nigs- und dem Martin-Luther-Platz wieder ein farbenfrohes Volksfest gefeiert. Und nat\u00fcrlich gibt es auch dieses Jahr wieder ein gro\u00dfes und abwechslungsreiches Rahmenprogramm.<\/span><\/p><h3>Ab 13. September 2019:<br \/>Buntes Treiben auf der Herbstkirchweih<\/h3><p><span style=\"font-size: 12pt;\">Mit viel Live-Musik, einem abwechslungsreichen Festbetrieb sowie einem Familientag, dem Kirchweihmarkt und einem verkaufsoffenen Sonntag wird vom 13. bis zum 22. September 2019 die Schwabacher Herbstkirchweih gefeiert. Auf dem K\u00f6nigs- und dem Martin-Luther-Platz stehen dann wieder zahlreiche Fahrgesch\u00e4fte und Imbissbuden.<\/span><\/p><h3>Er\u00f6ffnung am Freitag um 17.00 Uhr<\/h3><p><span style=\"font-size: 12pt;\">Er\u00f6ffnet wird die Kirchweih am Freitag, den 13. September, mit dem Kirchweihumzug um 17 Uhr, den der Musikzug des TV 1848 Schwabach und die Burgfesttrommler Hilpoltstein begleiten. Anschlie\u00dfend wird der Kirchweihbaum vor dem Rathaus aufgestellt.<\/span><\/p><h3>Stra\u00dfenfest in der Friedrichstra\u00dfe (15. September 2019)<\/h3><p><span style=\"font-size: 12pt;\">Zum Kirchweihsonntag veranstaltet das Quartiermanagement am 15.September 2019 von 11.00 bis 18.00 Uhr ein Stra\u00dfenfest in der Friedrichstra\u00dfe. Bis dahin wird der Kreuzungsbereich nach einer mehrmonatigen Baustelle fertig gestellt sein.<\/span><\/p><h3>Verkaufsoffener Sonntag<\/h3><p><span style=\"font-size: 12pt;\">Verkaufsoffener Sonntag ist am 15. September 2019, dann \u00f6ffnen die L\u00e4den in der Innenstadt von 13.00 bis 18.00 Uhr. Diesen Tag k\u00f6nnen Besucherinnen und Besucher mit einem Fr\u00fchst\u00fcck im Riesenrad beginnen. Karten daf\u00fcr gibt es im B\u00fcrgerb\u00fcro zum Preis von 35 Euro pro Gondel.<\/span><\/p><h3>Kirchweihmarkt in der S\u00fcdlichen\u00a0Ringstra\u00dfe<\/h3><p><span style=\"font-size: 12pt;\">Von Montag bis Mittwoch findet der Kirchweihmarkt in der S\u00fcdlichen Ringstra\u00dfe mit etwa 80 H\u00e4ndlern statt. Sie bieten vom Anisbonbon \u00fcber ein B\u00fcrstensortiment bis hin zu Haushaltstextilien und exotischen Gew\u00fcrzen nahezu alles, was das Herz begehrt.<\/span><\/p><h3>F\u00fchrung \u201eKauf mir einen bunten\u00a0Luftballon\u201c<\/h3><p><span style=\"font-size: 12pt;\">Am Dienstagbietet die F\u00fchrung \u201eKauf mir einen bunten Luftballon\u201c, die von der Volkshochschule Schwabach angeboten wird, einen Einblick hinter die Kulissen der Kirchweih. (Anmeldungen und weitere Informationen unter <a href=\"http:\/\/www.vhs.schwabach.de\" target=\"_blank\" rel=\"noopener\">www.vhs.schwabach.de<\/a>)<\/span><\/p><h3>Familientag am Donnerstag<\/h3><p><span style=\"font-size: 12pt;\">Am Donnerstag werden am beliebten Familientag von 13.00 bis 19.00 Uhr verg\u00fcnstigte Preise, eine Tombola, Kinderschminken und Tattoos angeboten. Als Zahlungsmittel an den Fahrgesch\u00e4ften und Imbissbuden dient wieder der K\u00e4rwa-Goldbarren. Dieser kostet 90 Cent, hat aber einen Gegenwert von einem Euro und kann im B\u00fcrgerb\u00fcro im Rathaus gekauft werden.<\/span><\/p><h3>\u00d6ffnungszeiten<\/h3><ul style=\"list-style-type: disc;\"><li><span style=\"font-size: 12pt;\">Freitags beginnt der Festbetrieb um 12.00 Uhr und endet um 22.30 Uhr<\/span><\/li><li><span style=\"font-size: 12pt;\">am\u00a0Samstag startet der Festbetrieb um 11 Uhr und endet ebenfalls um 22.30 Uhr<\/span><\/li><li><span style=\"font-size: 12pt;\">an den beiden Sonntagen dauert der Betrieb von 11.00 Uhr bis 21.00 Uhr<\/span><\/li><li><span style=\"font-size: 12pt;\">an den\u00a0Wochentagen Montag bis Donnerstag \u00f6ffnen die Fahrgesch\u00e4fte und<\/span><br \/><span style=\"font-size: 12pt;\">Schaustellerbuden von 12.00 bis 21.00 Uhr<\/span><\/li><\/ul><h3>Weiterf\u00fchrende Links:<\/h3><p><a href=\"https:\/\/www.schwabach.de\/images\/referate\/referat_2\/Ordnungsamt\/Gewerbeamt_Maerkte\/Downloads\/2019_FlyerHerbstkirchweih_Vorlage.pdf\" target=\"_blank\" rel=\"noopener\"><span style=\"font-size: 12pt;\">Den Programm-Flyer zur Schwabacher Herbstkirchweih 2019 gibt es hier &#8230;<\/span><\/a><\/p><p><span style=\"font-size: 12pt;\"><strong>Foto:<\/strong> Zum \u201eHappy Butterfly\u201c und dem Riesenrad gesellen sich auch noch der Autoscooter auf dem Martin-Luther-Platz und weitere Fahrgesch\u00e4fte hinzu.<\/span><\/p>\t\t\t\t\t\t<\/div>\n\t\t\t\t<\/div>\n\t\t\t\t\t<\/div>\n\t\t<\/div>\n\t\t\t\t<div class=\"elementor-column elementor-col-50 elementor-top-column elementor-element elementor-element-9ff9619\" data-id=\"9ff9619\" data-element_type=\"column\">\n\t\t\t<div class=\"elementor-widget-wrap elementor-element-populated\">\n\t\t\t\t\t\t<div class=\"elementor-element elementor-element-2b32b32 elementor-widget elementor-widget-heading\" data-id=\"2b32b32\" data-element_type=\"widget\" data-widget_type=\"heading.default\">\n\t\t\t\t<div class=\"elementor-widget-container\">\n\t\t\t<h3 class=\"elementor-heading-title elementor-size-default\">Schnell vergleichen und sparen!<\/h3>\t\t<\/div>\n\t\t\t\t<\/div>\n\t\t\t\t<div class=\"elementor-element elementor-element-0979917 elementor-widget elementor-widget-wp-widget-advads_ad_widget\" data-id=\"0979917\" data-element_type=\"widget\" data-widget_type=\"wp-widget-advads_ad_widget.default\">\n\t\t\t\t<div class=\"elementor-widget-container\">\n\t\t\t<div id=\"regio-2301039869\"><div class=\"regio-adlabel\">Werbung<\/div><!-- Beginn https:\/\/www.financeads.net\/-Code --><a href=\"https:\/\/www.financeads.net\/tc.php?t=36648C236142529B\" target=\"_blank\"><img decoding=\"async\" src=\"https:\/\/www.financeads.net\/tb.php?t=36648V236142529B&https=1\" alt=\"\" border=\"0\" width=\"300\" height=\"250\"><\/a><!-- Ende https:\/\/www.financeads.net\/-Code --><\/div>\t\t<\/div>\n\t\t\t\t<\/div>\n\t\t\t\t<div class=\"elementor-element elementor-element-2e74681 elementor-widget elementor-widget-wp-widget-advads_ad_widget\" data-id=\"2e74681\" data-element_type=\"widget\" data-widget_type=\"wp-widget-advads_ad_widget.default\">\n\t\t\t\t<div class=\"elementor-widget-container\">\n\t\t\t<div id=\"regio-432509376\"><div class=\"regio-adlabel\">Werbung<\/div><!-- Beginn https:\/\/www.financeads.net\/-Code --><a href=\"https:\/\/www.financeads.net\/tc.php?t=36648C42614510B\" target=\"_blank\"><img decoding=\"async\" src=\"https:\/\/www.financeads.net\/tb.php?t=36648V42614510B&https=1\" alt=\"\" border=\"0\" width=\"200\" height=\"300\"><\/a><!-- Ende https:\/\/www.financeads.net\/-Code --><\/div>\t\t<\/div>\n\t\t\t\t<\/div>\n\t\t\t\t<div class=\"elementor-element elementor-element-792f1eb elementor-widget elementor-widget-wp-widget-advads_ad_widget\" data-id=\"792f1eb\" data-element_type=\"widget\" data-widget_type=\"wp-widget-advads_ad_widget.default\">\n\t\t\t\t<div class=\"elementor-widget-container\">\n\t\t\t<div id=\"regio-2827753590\"><div class=\"regio-adlabel\">Werbung<\/div><!-- Beginn https:\/\/www.financeads.net\/-Code --><a href=\"https:\/\/www.financeads.net\/tc.php?t=36648C205040072B\" target=\"_blank\"><img loading=\"lazy\" decoding=\"async\" src=\"https:\/\/www.financeads.net\/tb.php?t=36648V205040072B&https=1\" alt=\"\" border=\"0\" width=\"300\" height=\"250\"><\/a><!-- Ende https:\/\/www.financeads.net\/-Code --><\/div>\t\t<\/div>\n\t\t\t\t<\/div>\n\t\t\t\t<div class=\"elementor-element elementor-element-568e140 elementor-widget elementor-widget-wp-widget-advads_ad_widget\" data-id=\"568e140\" data-element_type=\"widget\" data-widget_type=\"wp-widget-advads_ad_widget.default\">\n\t\t\t\t<div class=\"elementor-widget-container\">\n\t\t\t<div id=\"regio-2038495072\"><div class=\"regio-adlabel\">Werbung<\/div><!-- Beginn https:\/\/www.financeads.net\/-Code --><a href=\"https:\/\/www.financeads.net\/tc.php?t=36648C271460142B\" target=\"_blank\"><img loading=\"lazy\" decoding=\"async\" src=\"https:\/\/www.financeads.net\/tb.php?t=36648V271460142B&https=1\" alt=\"PETPROTECT_Hund&Katze_Banner\" border=\"0\" width=\"250\" height=\"250\"><\/a><!-- Ende https:\/\/www.financeads.net\/-Code --><\/div>\t\t<\/div>\n\t\t\t\t<\/div>\n\t\t\t\t\t<\/div>\n\t\t<\/div>\n\t\t\t\t\t<\/div>\n\t\t<\/section>\n\t\t\t\t<section class=\"elementor-section elementor-top-section elementor-element elementor-element-4c94a94 elementor-section-boxed elementor-section-height-default elementor-section-height-default\" data-id=\"4c94a94\" data-element_type=\"section\">\n\t\t\t\t\t\t<div class=\"elementor-container elementor-column-gap-default\">\n\t\t\t\t\t<div class=\"elementor-column elementor-col-100 elementor-top-column elementor-element elementor-element-130b272\" data-id=\"130b272\" data-element_type=\"column\">\n\t\t\t<div class=\"elementor-widget-wrap elementor-element-populated\">\n\t\t\t\t\t\t<div class=\"elementor-element elementor-element-4915182 elementor-widget elementor-widget-image\" data-id=\"4915182\" data-element_type=\"widget\" data-widget_type=\"image.default\">\n\t\t\t\t<div class=\"elementor-widget-container\">\n\t\t\t\t\t\t\t\t\t\t\t\t\t\t<a href=\"http:\/\/www.region-schwabach.de\/wordpress\/wp-content\/uploads\/2018\/09\/PM204_Kirchweih_2-e1536568886686.jpg\" data-elementor-open-lightbox=\"yes\" data-elementor-lightbox-title=\"PM204_Kirchweih_2\" data-e-action-hash=\"#elementor-action%3Aaction%3Dlightbox%26settings%3DeyJpZCI6NTU2OTYsInVybCI6Imh0dHBzOlwvXC93d3cucmVnaW9uLXNjaHdhYmFjaC5kZVwvd29yZHByZXNzXC93cC1jb250ZW50XC91cGxvYWRzXC8yMDE4XC8wOVwvUE0yMDRfS2lyY2h3ZWloXzItZTE1MzY1Njg4ODY2ODYuanBnIn0%3D\">\n\t\t\t\t\t\t\t<img loading=\"lazy\" decoding=\"async\" width=\"960\" height=\"960\" src=\"https:\/\/www.region-schwabach.de\/wordpress\/wp-content\/uploads\/2018\/09\/PM204_Kirchweih_2-e1536568886686.jpg\" class=\"attachment-full size-full wp-image-55696\" alt=\"\" \/>\t\t\t\t\t\t\t\t<\/a>\n\t\t\t\t\t\t\t\t\t\t\t\t\t<\/div>\n\t\t\t\t<\/div>\n\t\t\t\t\t<\/div>\n\t\t<\/div>\n\t\t\t\t\t<\/div>\n\t\t<\/section>\n\t\t\t\t<\/div>\n\t\t","protected":false},"excerpt":{"rendered":"<div class=\"mh-excerpt\"><p>Schwabacher Herbstvolksfest vom 13. bis 22. September 2019 Schwabach &#8211; Von Freitag, den 13.09.2019 bis Sonntag, den 22.09.2019 findet wieder die allseits beliebte Schwabacher Herbstkirchweih statt. 10 Tage lang wird auf dem K\u00f6nigs- und dem <a class=\"mh-excerpt-more\" href=\"https:\/\/www.region-schwabach.de\/wordpress\/schwabacher-herbstkirchweih-vom-13-bis-22-september-2019\/\" title=\"Schwabacher Herbstkirchweih vom 13. bis 22. September 2019\">[&#8230;]<\/a><\/p>\n<\/div>","protected":false},"author":1,"featured_media":55695,"comment_status":"open","ping_status":"open","sticky":false,"template":"template-full.php","format":"standard","meta":{"_cbd_carousel_blocks":"[]","footnotes":""},"categories":[16,1,231],"tags":[10664,524,525,522,523,19,521,27],"class_list":{"0":"post-99499","1":"post","2":"type-post","3":"status-publish","4":"format-standard","5":"has-post-thumbnail","7":"category-aktuell","8":"category-allgemein","9":"category-veranstaltungsnews","10":"tag-13-september-bis-22-september-2019","11":"tag-familientag","12":"tag-kirchweihmarkt","13":"tag-koenigsplatz","14":"tag-martin-luther-platz","15":"tag-schwabach","16":"tag-schwabacher-herbstkirchweih","17":"tag-verkaufsoffener-sonntag"},"_links":{"self":[{"href":"https:\/\/www.region-schwabach.de\/wordpress\/wp-json\/wp\/v2\/posts\/99499","targetHints":{"allow":["GET"]}}],"collection":[{"href":"https:\/\/www.region-schwabach.de\/wordpress\/wp-json\/wp\/v2\/posts"}],"about":[{"href":"https:\/\/www.region-schwabach.de\/wordpress\/wp-json\/wp\/v2\/types\/post"}],"author":[{"embeddable":true,"href":"https:\/\/www.region-schwabach.de\/wordpress\/wp-json\/wp\/v2\/users\/1"}],"replies":[{"embeddable":true,"href":"https:\/\/www.region-schwabach.de\/wordpress\/wp-json\/wp\/v2\/comments?post=99499"}],"version-history":[{"count":0,"href":"https:\/\/www.region-schwabach.de\/wordpress\/wp-json\/wp\/v2\/posts\/99499\/revisions"}],"wp:featuredmedia":[{"embeddable":true,"href":"https:\/\/www.region-schwabach.de\/wordpress\/wp-json\/wp\/v2\/media\/55695"}],"wp:attachment":[{"href":"https:\/\/www.region-schwabach.de\/wordpress\/wp-json\/wp\/v2\/media?parent=99499"}],"wp:term":[{"taxonomy":"category","embeddable":true,"href":"https:\/\/www.region-schwabach.de\/wordpress\/wp-json\/wp\/v2\/categories?post=99499"},{"taxonomy":"post_tag","embeddable":true,"href":"https:\/\/www.region-schwabach.de\/wordpress\/wp-json\/wp\/v2\/tags?post=99499"}],"curies":[{"name":"wp","href":"https:\/\/api.w.org\/{rel}","templated":true}]}}